{"id":561,"date":"2025-09-28T07:00:50","date_gmt":"2025-09-28T10:00:50","guid":{"rendered":"https:\/\/encontroamigosdoradio.com.br\/?p=561"},"modified":"2025-10-14T07:59:25","modified_gmt":"2025-10-14T10:59:25","slug":"louvetel-radiocomunicacao-confirma-sua-presenca","status":"publish","type":"post","link":"http:\/\/encontroamigosdoradio.com.br\/index.php\/2025\/09\/28\/louvetel-radiocomunicacao-confirma-sua-presenca\/","title":{"rendered":"Louvetel Radiocomunica\u00e7\u00e3o"},"content":{"rendered":"\n<p class=\"wp-block-paragraph\">A&nbsp;<strong>Louvetel Radiocomunica\u00e7\u00e3o&nbsp;<\/strong>\u00e9 uma empresa consolidada a<strong>&nbsp;mais de 20 anos<\/strong>&nbsp;no mercado, fornecendo aos seus clientes, servi\u00e7os de projetos, vendas de sistemas de radiocomunica\u00e7\u00e3o , implanta\u00e7\u00e3o e manuten\u00e7\u00e3o, corretiva e preventiva.<\/p>\n\n\n\n<figure class=\"wp-block-image size-large\"><img loading=\"lazy\" decoding=\"async\" width=\"576\" height=\"1024\" src=\"https:\/\/encontroamigosdoradio.com.br\/wp-content\/uploads\/2025\/09\/WhatsApp-Image-2025-09-15-at-08.46.13-1-576x1024.jpeg\" alt=\"\" class=\"wp-image-562\" srcset=\"https:\/\/encontroamigosdoradio.com.br\/wp-content\/uploads\/2025\/09\/WhatsApp-Image-2025-09-15-at-08.46.13-1-576x1024.jpeg 576w, https:\/\/encontroamigosdoradio.com.br\/wp-content\/uploads\/2025\/09\/WhatsApp-Image-2025-09-15-at-08.46.13-1-169x300.jpeg 169w, https:\/\/encontroamigosdoradio.com.br\/wp-content\/uploads\/2025\/09\/WhatsApp-Image-2025-09-15-at-08.46.13-1.jpeg 720w\" sizes=\"auto, (max-width: 576px) 100vw, 576px\" \/><\/figure>\n\n\n\n<p class=\"wp-block-paragraph\">No in\u00edcio da d\u00e9cada de 90, devido a demanda de servi\u00e7os especializados em manuten\u00e7\u00e3o de equipamentos de radiocomunica\u00e7\u00e3o na \u00e1rea de seguran\u00e7a p\u00fablica, nasceu a Louvetel, iniciando como prestadora de servi\u00e7os da 2\u00aa CIACOM do Ex\u00e9rcito Brasileiro (Campinas), Pol\u00edcia Militar e Pol\u00edcia Civil do estado de S\u00e3o Paulo (interior).<\/p>\n\n\n\n<p class=\"wp-block-paragraph\">Somos certificados pela Hytera como assist\u00eancia t\u00e9cnica autorizada, para reparos de equipamentos em garantia e presta\u00e7\u00e3o de servi\u00e7os para equipamentos fora de garantia de outros fabricantes de sistemas de radiocomunica\u00e7\u00e3o<\/p>\n\n\n\n<p class=\"wp-block-paragraph\">Focando na qualidade, investimos no treinamento de nossos funcion\u00e1rios, flexibilizamos os atendimentos de acordo com a demanda de nossos clientes e atendendo 24\u00d77.<\/p>\n\n\n\n<p class=\"wp-block-paragraph\">Durante os atendimentos, disponibilizamos t\u00e9cnicos certificados, torristas com certifica\u00e7\u00e3o NR-35 (trabalho em altura) e nosso laborat\u00f3rio m\u00f3vel \u00e9 equipado com instrumentos de leitura, aferi\u00e7\u00e3o e calibragem de sistemas de radiocomunica\u00e7\u00e3o digital.<\/p>\n\n\n\n<p class=\"wp-block-paragraph\"><strong>MISS\u00c3O<\/strong><br>Entender para atender as necessidades de demandas operacionais de nossos clientes, no menor tempo poss\u00edvel, com qualidade e respeito a miss\u00e3o das empresas que nos contratam<\/p>\n\n\n\n<p class=\"wp-block-paragraph\"><strong>VIS\u00c3O<\/strong><br>Ser refer\u00eancia em radiocomunica\u00e7\u00e3o e sempre estar atualizados com as tecnologias que lideram o mercado.<\/p>\n\n\n\n<hr class=\"wp-block-separator has-alpha-channel-opacity\"\/>\n\n\n\n<p class=\"wp-block-paragraph\">Conhe\u00e7a nosso produtos e prepare para comprar no 5\u00ba Encontro Amigos do R\u00e1dio &#8211; <a href=\"https:\/\/louvetelradiocomunicacao.com.br\/produtos-para-radioamador\/\" target=\"_blank\" rel=\"noreferrer noopener\">https:\/\/louvetelradiocomunicacao.com.br\/produtos-para-radioamador\/<\/a><\/p>\n\n\n\n<p class=\"wp-block-paragraph\">Entre em contato e fa\u00e7a seu pedido:<\/p>\n\n\n\n<h4 class=\"wp-block-heading\"><a href=\"mailto:atendimento@louvetel.com.br\" target=\"_blank\" rel=\"noreferrer noopener\">atendimento@louvetel.com.br<\/a><\/h4>\n\n\n\n<h4 class=\"wp-block-heading\"><a href=\"tel:1939485444\">(19) 3948-5444<\/a><\/h4>\n\n\n\n<h4 class=\"wp-block-heading\"><a href=\"https:\/\/wa.me\/5519971683710?text=Ol%C3%A1,%20\" target=\"_blank\" rel=\"noreferrer noopener\">(19) 97168-3710<\/a><\/h4>\n\n\n\n<h4 class=\"wp-block-heading\"><a href=\"https:\/\/wa.me\/5519971683710?text=Ol%C3%A1,%20\" target=\"_blank\" rel=\"noreferrer noopener\">Hor\u00e1rio de Atendimento<\/a><\/h4>\n\n\n\n<p class=\"wp-block-paragraph\">Segunda \u00e0 sexta das 08h as 17h30<\/p>\n\n\n\n<p class=\"wp-block-paragraph\"><a href=\"https:\/\/goo.gl\/maps\/uhCozz1yaQLNhjwa6\" target=\"_blank\" rel=\"noreferrer noopener\">Localiza\u00e7\u00e3o<\/a><\/p>\n\n\n\n<p class=\"wp-block-paragraph\">Rua Bento Martins Cruz, 253 \u2013 Vila Pasti, Louveira \u2013 SP, 13291-010<\/p>\n\n\n<div class=\"wp-block-image\">\n<figure class=\"aligncenter size-full is-resized\"><img loading=\"lazy\" decoding=\"async\" width=\"363\" height=\"139\" src=\"https:\/\/encontroamigosdoradio.com.br\/wp-content\/uploads\/2025\/09\/louvetel.png\" alt=\"Louvetel\" class=\"wp-image-545\" style=\"width:521px;height:auto\" srcset=\"https:\/\/encontroamigosdoradio.com.br\/wp-content\/uploads\/2025\/09\/louvetel.png 363w, https:\/\/encontroamigosdoradio.com.br\/wp-content\/uploads\/2025\/09\/louvetel-300x115.png 300w\" sizes=\"auto, (max-width: 363px) 100vw, 363px\" \/><\/figure>\n<\/div>\n\n<div class=\"wp-block-image\">\n<figure class=\"aligncenter size-full\"><img loading=\"lazy\" decoding=\"async\" width=\"448\" height=\"112\" src=\"https:\/\/encontroamigosdoradio.com.br\/wp-content\/uploads\/2025\/09\/steelbras.png\" alt=\"\" class=\"wp-image-547\" srcset=\"https:\/\/encontroamigosdoradio.com.br\/wp-content\/uploads\/2025\/09\/steelbras.png 448w, https:\/\/encontroamigosdoradio.com.br\/wp-content\/uploads\/2025\/09\/steelbras-300x75.png 300w\" sizes=\"auto, (max-width: 448px) 100vw, 448px\" \/><\/figure>\n<\/div>\n\n\n<p class=\"wp-block-paragraph\"><\/p>\n","protected":false},"excerpt":{"rendered":"<p>A&nbsp;Louvetel Radiocomunica\u00e7\u00e3o&nbsp;\u00e9 uma empresa consolidada a&nbsp;mais de 20 anos&nbsp;no mercado, fornecendo aos seus clientes, servi\u00e7os de projetos, vendas de sistemas de radiocomunica\u00e7\u00e3o , implanta\u00e7\u00e3o e manuten\u00e7\u00e3o, corretiva e preventiva. No in\u00edcio da d\u00e9cada de 90, devido a demanda de servi\u00e7os especializados em manuten\u00e7\u00e3o de equipamentos de radiocomunica\u00e7\u00e3o na \u00e1rea de seguran\u00e7a p\u00fablica, nasceu a Louvetel, [&hellip;]<\/p>\n","protected":false},"author":1,"featured_media":777,"comment_status":"open","ping_status":"open","sticky":false,"template":"","format":"standard","meta":{"footnotes":""},"categories":[140,4,45],"tags":[88,91,181,179,180],"class_list":["post-561","post","type-post","status-publish","format-standard","has-post-thumbnail","hentry","category-140","category-novidade","category-sorteio","tag-antenas","tag-apoio","tag-contribuicao","tag-louvetel","tag-patrocinador"],"aioseo_notices":[],"aioseo_head":"\n\t\t<!-- All in One SEO 5.0.1.1 - aioseo.com -->\n\t<meta name=\"description\" content=\"A Louvetel Radiocomunica\u00e7\u00e3o \u00e9 uma empresa consolidada a mais de 20 anos no mercado, fornecendo aos seus clientes, servi\u00e7os de projetos, vendas de sistemas de radiocomunica\u00e7\u00e3o , implanta\u00e7\u00e3o e manuten\u00e7\u00e3o, corretiva e preventiva. No in\u00edcio da d\u00e9cada de 90, devido a demanda de servi\u00e7os especializados em manuten\u00e7\u00e3o de equipamentos de radiocomunica\u00e7\u00e3o na \u00e1rea de seguran\u00e7a p\u00fablica, nasceu a Louvetel,\" \/>\n\t<meta name=\"robots\" content=\"max-image-preview:large\" \/>\n\t<meta name=\"author\" content=\"Rubens Zolotujin\"\/>\n\t<link rel=\"canonical\" href=\"http:\/\/encontroamigosdoradio.com.br\/index.php\/2025\/09\/28\/louvetel-radiocomunicacao-confirma-sua-presenca\/\" \/>\n\t<meta name=\"generator\" content=\"All in One SEO (AIOSEO) 5.0.1.1\" \/>\n\t\t<meta property=\"og:locale\" content=\"pt_BR\" \/>\n\t\t<meta property=\"og:site_name\" content=\"6\u00ba Encontro Amigos do R\u00e1dio 111\/10\/2026 - Onde a paix\u00e3o vira comunica\u00e7\u00e3o e amizade vira fam\u00edlia\" \/>\n\t\t<meta property=\"og:type\" content=\"article\" \/>\n\t\t<meta property=\"og:title\" content=\"Louvetel Radiocomunica\u00e7\u00e3o - 6\u00ba Encontro Amigos do R\u00e1dio 111\/10\/2026\" \/>\n\t\t<meta property=\"og:description\" content=\"A Louvetel Radiocomunica\u00e7\u00e3o \u00e9 uma empresa consolidada a mais de 20 anos no mercado, fornecendo aos seus clientes, servi\u00e7os de projetos, vendas de sistemas de radiocomunica\u00e7\u00e3o , implanta\u00e7\u00e3o e manuten\u00e7\u00e3o, corretiva e preventiva. No in\u00edcio da d\u00e9cada de 90, devido a demanda de servi\u00e7os especializados em manuten\u00e7\u00e3o de equipamentos de radiocomunica\u00e7\u00e3o na \u00e1rea de seguran\u00e7a p\u00fablica, nasceu a Louvetel,\" \/>\n\t\t<meta property=\"og:url\" content=\"http:\/\/encontroamigosdoradio.com.br\/index.php\/2025\/09\/28\/louvetel-radiocomunicacao-confirma-sua-presenca\/\" \/>\n\t\t<meta property=\"og:image\" content=\"http:\/\/encontroamigosdoradio.com.br\/wp-content\/uploads\/2026\/07\/cropped-banner-01.png\" \/>\n\t\t<meta property=\"og:image:width\" content=\"1919\" \/>\n\t\t<meta property=\"og:image:height\" content=\"600\" \/>\n\t\t<meta property=\"article:published_time\" content=\"2025-09-28T10:00:50+00:00\" \/>\n\t\t<meta property=\"article:modified_time\" content=\"2025-10-14T10:59:25+00:00\" \/>\n\t\t<meta name=\"twitter:card\" content=\"summary_large_image\" \/>\n\t\t<meta name=\"twitter:title\" content=\"Louvetel Radiocomunica\u00e7\u00e3o - 6\u00ba Encontro Amigos do R\u00e1dio 111\/10\/2026\" \/>\n\t\t<meta name=\"twitter:description\" content=\"A Louvetel Radiocomunica\u00e7\u00e3o \u00e9 uma empresa consolidada a mais de 20 anos no mercado, fornecendo aos seus clientes, servi\u00e7os de projetos, vendas de sistemas de radiocomunica\u00e7\u00e3o , implanta\u00e7\u00e3o e manuten\u00e7\u00e3o, corretiva e preventiva. No in\u00edcio da d\u00e9cada de 90, devido a demanda de servi\u00e7os especializados em manuten\u00e7\u00e3o de equipamentos de radiocomunica\u00e7\u00e3o na \u00e1rea de seguran\u00e7a p\u00fablica, nasceu a Louvetel,\" \/>\n\t\t<meta name=\"twitter:image\" content=\"https:\/\/encontroamigosdoradio.com.br\/wp-content\/uploads\/2026\/07\/cropped-banner-01.png\" \/>\n\t\t<script type=\"application\/ld+json\" class=\"aioseo-schema\">\n\t\t\t{\"@context\":\"https:\\\/\\\/schema.org\",\"@graph\":[{\"@type\":\"BlogPosting\",\"@id\":\"http:\\\/\\\/encontroamigosdoradio.com.br\\\/index.php\\\/2025\\\/09\\\/28\\\/louvetel-radiocomunicacao-confirma-sua-presenca\\\/#blogposting\",\"name\":\"Louvetel Radiocomunica\\u00e7\\u00e3o - 6\\u00ba Encontro Amigos do R\\u00e1dio 111\\\/10\\\/2026\",\"headline\":\"Louvetel Radiocomunica\\u00e7\\u00e3o\",\"author\":{\"@id\":\"http:\\\/\\\/encontroamigosdoradio.com.br\\\/index.php\\\/author\\\/py2ve\\\/#author\"},\"publisher\":{\"@id\":\"http:\\\/\\\/encontroamigosdoradio.com.br\\\/#organization\"},\"image\":{\"@type\":\"ImageObject\",\"url\":\"https:\\\/\\\/encontroamigosdoradio.com.br\\\/wp-content\\\/uploads\\\/2025\\\/09\\\/louvetel1.png\",\"width\":580,\"height\":300},\"datePublished\":\"2025-09-28T07:00:50-03:00\",\"dateModified\":\"2025-10-14T07:59:25-03:00\",\"inLanguage\":\"pt-BR\",\"mainEntityOfPage\":{\"@id\":\"http:\\\/\\\/encontroamigosdoradio.com.br\\\/index.php\\\/2025\\\/09\\\/28\\\/louvetel-radiocomunicacao-confirma-sua-presenca\\\/#webpage\"},\"isPartOf\":{\"@id\":\"http:\\\/\\\/encontroamigosdoradio.com.br\\\/index.php\\\/2025\\\/09\\\/28\\\/louvetel-radiocomunicacao-confirma-sua-presenca\\\/#webpage\"},\"articleSection\":\"2025, Novidade, Sorteio, antenas, apoio, contribui\\u00e7\\u00e3o, louvetel, patrocinador\"},{\"@type\":\"BreadcrumbList\",\"@id\":\"http:\\\/\\\/encontroamigosdoradio.com.br\\\/index.php\\\/2025\\\/09\\\/28\\\/louvetel-radiocomunicacao-confirma-sua-presenca\\\/#breadcrumblist\",\"itemListElement\":[{\"@type\":\"ListItem\",\"@id\":\"http:\\\/\\\/encontroamigosdoradio.com.br#listItem\",\"position\":1,\"name\":\"Home\",\"item\":\"http:\\\/\\\/encontroamigosdoradio.com.br\",\"nextItem\":{\"@type\":\"ListItem\",\"@id\":\"http:\\\/\\\/encontroamigosdoradio.com.br\\\/index.php\\\/category\\\/novidade\\\/#listItem\",\"name\":\"Novidade\"}},{\"@type\":\"ListItem\",\"@id\":\"http:\\\/\\\/encontroamigosdoradio.com.br\\\/index.php\\\/category\\\/novidade\\\/#listItem\",\"position\":2,\"name\":\"Novidade\",\"item\":\"http:\\\/\\\/encontroamigosdoradio.com.br\\\/index.php\\\/category\\\/novidade\\\/\",\"nextItem\":{\"@type\":\"ListItem\",\"@id\":\"http:\\\/\\\/encontroamigosdoradio.com.br\\\/index.php\\\/2025\\\/09\\\/28\\\/louvetel-radiocomunicacao-confirma-sua-presenca\\\/#listItem\",\"name\":\"Louvetel Radiocomunica\\u00e7\\u00e3o\"},\"previousItem\":{\"@type\":\"ListItem\",\"@id\":\"http:\\\/\\\/encontroamigosdoradio.com.br#listItem\",\"name\":\"Home\"}},{\"@type\":\"ListItem\",\"@id\":\"http:\\\/\\\/encontroamigosdoradio.com.br\\\/index.php\\\/2025\\\/09\\\/28\\\/louvetel-radiocomunicacao-confirma-sua-presenca\\\/#listItem\",\"position\":3,\"name\":\"Louvetel Radiocomunica\\u00e7\\u00e3o\",\"previousItem\":{\"@type\":\"ListItem\",\"@id\":\"http:\\\/\\\/encontroamigosdoradio.com.br\\\/index.php\\\/category\\\/novidade\\\/#listItem\",\"name\":\"Novidade\"}}]},{\"@type\":\"Organization\",\"@id\":\"http:\\\/\\\/encontroamigosdoradio.com.br\\\/#organization\",\"name\":\"6\\u00ba Encontro Amigos do R\\u00e1dio 111\\\/10\\\/2026\",\"description\":\"Onde a paix\\u00e3o vira comunica\\u00e7\\u00e3o e amizade vira fam\\u00edlia\",\"url\":\"http:\\\/\\\/encontroamigosdoradio.com.br\\\/\",\"logo\":{\"@type\":\"ImageObject\",\"url\":\"https:\\\/\\\/encontroamigosdoradio.com.br\\\/wp-content\\\/uploads\\\/2026\\\/07\\\/cropped-banner-01.png\",\"@id\":\"http:\\\/\\\/encontroamigosdoradio.com.br\\\/index.php\\\/2025\\\/09\\\/28\\\/louvetel-radiocomunicacao-confirma-sua-presenca\\\/#organizationLogo\",\"width\":1919,\"height\":600},\"image\":{\"@id\":\"http:\\\/\\\/encontroamigosdoradio.com.br\\\/index.php\\\/2025\\\/09\\\/28\\\/louvetel-radiocomunicacao-confirma-sua-presenca\\\/#organizationLogo\"}},{\"@type\":\"Person\",\"@id\":\"http:\\\/\\\/encontroamigosdoradio.com.br\\\/index.php\\\/author\\\/py2ve\\\/#author\",\"url\":\"http:\\\/\\\/encontroamigosdoradio.com.br\\\/index.php\\\/author\\\/py2ve\\\/\",\"name\":\"Rubens Zolotujin\",\"image\":{\"@type\":\"ImageObject\",\"@id\":\"http:\\\/\\\/encontroamigosdoradio.com.br\\\/index.php\\\/2025\\\/09\\\/28\\\/louvetel-radiocomunicacao-confirma-sua-presenca\\\/#authorImage\",\"url\":\"https:\\\/\\\/secure.gravatar.com\\\/avatar\\\/75203a53777d93c2944e43b42c5c0182dcdfd065132431fdb6476d9ace333e73?s=96&d=mm&r=g\",\"width\":96,\"height\":96,\"caption\":\"Rubens Zolotujin\"}},{\"@type\":\"WebPage\",\"@id\":\"http:\\\/\\\/encontroamigosdoradio.com.br\\\/index.php\\\/2025\\\/09\\\/28\\\/louvetel-radiocomunicacao-confirma-sua-presenca\\\/#webpage\",\"url\":\"http:\\\/\\\/encontroamigosdoradio.com.br\\\/index.php\\\/2025\\\/09\\\/28\\\/louvetel-radiocomunicacao-confirma-sua-presenca\\\/\",\"name\":\"Louvetel Radiocomunica\\u00e7\\u00e3o - 6\\u00ba Encontro Amigos do R\\u00e1dio 111\\\/10\\\/2026\",\"description\":\"A Louvetel Radiocomunica\\u00e7\\u00e3o \\u00e9 uma empresa consolidada a mais de 20 anos no mercado, fornecendo aos seus clientes, servi\\u00e7os de projetos, vendas de sistemas de radiocomunica\\u00e7\\u00e3o , implanta\\u00e7\\u00e3o e manuten\\u00e7\\u00e3o, corretiva e preventiva. No in\\u00edcio da d\\u00e9cada de 90, devido a demanda de servi\\u00e7os especializados em manuten\\u00e7\\u00e3o de equipamentos de radiocomunica\\u00e7\\u00e3o na \\u00e1rea de seguran\\u00e7a p\\u00fablica, nasceu a Louvetel,\",\"inLanguage\":\"pt-BR\",\"isPartOf\":{\"@id\":\"http:\\\/\\\/encontroamigosdoradio.com.br\\\/#website\"},\"breadcrumb\":{\"@id\":\"http:\\\/\\\/encontroamigosdoradio.com.br\\\/index.php\\\/2025\\\/09\\\/28\\\/louvetel-radiocomunicacao-confirma-sua-presenca\\\/#breadcrumblist\"},\"author\":{\"@id\":\"http:\\\/\\\/encontroamigosdoradio.com.br\\\/index.php\\\/author\\\/py2ve\\\/#author\"},\"creator\":{\"@id\":\"http:\\\/\\\/encontroamigosdoradio.com.br\\\/index.php\\\/author\\\/py2ve\\\/#author\"},\"image\":{\"@type\":\"ImageObject\",\"url\":\"https:\\\/\\\/encontroamigosdoradio.com.br\\\/wp-content\\\/uploads\\\/2025\\\/09\\\/louvetel1.png\",\"@id\":\"http:\\\/\\\/encontroamigosdoradio.com.br\\\/index.php\\\/2025\\\/09\\\/28\\\/louvetel-radiocomunicacao-confirma-sua-presenca\\\/#mainImage\",\"width\":580,\"height\":300},\"primaryImageOfPage\":{\"@id\":\"http:\\\/\\\/encontroamigosdoradio.com.br\\\/index.php\\\/2025\\\/09\\\/28\\\/louvetel-radiocomunicacao-confirma-sua-presenca\\\/#mainImage\"},\"datePublished\":\"2025-09-28T07:00:50-03:00\",\"dateModified\":\"2025-10-14T07:59:25-03:00\"},{\"@type\":\"WebSite\",\"@id\":\"http:\\\/\\\/encontroamigosdoradio.com.br\\\/#website\",\"url\":\"http:\\\/\\\/encontroamigosdoradio.com.br\\\/\",\"name\":\"6\\u00ba Encontro Amigos do R\\u00e1dio 111\\\/10\\\/2026\",\"description\":\"Onde a paix\\u00e3o vira comunica\\u00e7\\u00e3o e amizade vira fam\\u00edlia\",\"inLanguage\":\"pt-BR\",\"publisher\":{\"@id\":\"http:\\\/\\\/encontroamigosdoradio.com.br\\\/#organization\"}}]}\n\t\t<\/script>\n\t\t<!-- All in One SEO -->\n\n","aioseo_head_json":{"title":"Louvetel Radiocomunica\u00e7\u00e3o - 6\u00ba Encontro Amigos do R\u00e1dio 111\/10\/2026","description":"A Louvetel Radiocomunica\u00e7\u00e3o \u00e9 uma empresa consolidada a mais de 20 anos no mercado, fornecendo aos seus clientes, servi\u00e7os de projetos, vendas de sistemas de radiocomunica\u00e7\u00e3o , implanta\u00e7\u00e3o e manuten\u00e7\u00e3o, corretiva e preventiva. No in\u00edcio da d\u00e9cada de 90, devido a demanda de servi\u00e7os especializados em manuten\u00e7\u00e3o de equipamentos de radiocomunica\u00e7\u00e3o na \u00e1rea de seguran\u00e7a p\u00fablica, nasceu a Louvetel,","canonical_url":"http:\/\/encontroamigosdoradio.com.br\/index.php\/2025\/09\/28\/louvetel-radiocomunicacao-confirma-sua-presenca\/","robots":"max-image-preview:large","keywords":"","webmasterTools":{"miscellaneous":""},"schema":{"@context":"https:\/\/schema.org","@graph":[{"@type":"BlogPosting","@id":"http:\/\/encontroamigosdoradio.com.br\/index.php\/2025\/09\/28\/louvetel-radiocomunicacao-confirma-sua-presenca\/#blogposting","name":"Louvetel Radiocomunica\u00e7\u00e3o - 6\u00ba Encontro Amigos do R\u00e1dio 111\/10\/2026","headline":"Louvetel Radiocomunica\u00e7\u00e3o","author":{"@id":"http:\/\/encontroamigosdoradio.com.br\/index.php\/author\/py2ve\/#author"},"publisher":{"@id":"http:\/\/encontroamigosdoradio.com.br\/#organization"},"image":{"@type":"ImageObject","url":"https:\/\/encontroamigosdoradio.com.br\/wp-content\/uploads\/2025\/09\/louvetel1.png","width":580,"height":300},"datePublished":"2025-09-28T07:00:50-03:00","dateModified":"2025-10-14T07:59:25-03:00","inLanguage":"pt-BR","mainEntityOfPage":{"@id":"http:\/\/encontroamigosdoradio.com.br\/index.php\/2025\/09\/28\/louvetel-radiocomunicacao-confirma-sua-presenca\/#webpage"},"isPartOf":{"@id":"http:\/\/encontroamigosdoradio.com.br\/index.php\/2025\/09\/28\/louvetel-radiocomunicacao-confirma-sua-presenca\/#webpage"},"articleSection":"2025, Novidade, Sorteio, antenas, apoio, contribui\u00e7\u00e3o, louvetel, patrocinador"},{"@type":"BreadcrumbList","@id":"http:\/\/encontroamigosdoradio.com.br\/index.php\/2025\/09\/28\/louvetel-radiocomunicacao-confirma-sua-presenca\/#breadcrumblist","itemListElement":[{"@type":"ListItem","@id":"http:\/\/encontroamigosdoradio.com.br#listItem","position":1,"name":"Home","item":"http:\/\/encontroamigosdoradio.com.br","nextItem":{"@type":"ListItem","@id":"http:\/\/encontroamigosdoradio.com.br\/index.php\/category\/novidade\/#listItem","name":"Novidade"}},{"@type":"ListItem","@id":"http:\/\/encontroamigosdoradio.com.br\/index.php\/category\/novidade\/#listItem","position":2,"name":"Novidade","item":"http:\/\/encontroamigosdoradio.com.br\/index.php\/category\/novidade\/","nextItem":{"@type":"ListItem","@id":"http:\/\/encontroamigosdoradio.com.br\/index.php\/2025\/09\/28\/louvetel-radiocomunicacao-confirma-sua-presenca\/#listItem","name":"Louvetel Radiocomunica\u00e7\u00e3o"},"previousItem":{"@type":"ListItem","@id":"http:\/\/encontroamigosdoradio.com.br#listItem","name":"Home"}},{"@type":"ListItem","@id":"http:\/\/encontroamigosdoradio.com.br\/index.php\/2025\/09\/28\/louvetel-radiocomunicacao-confirma-sua-presenca\/#listItem","position":3,"name":"Louvetel Radiocomunica\u00e7\u00e3o","previousItem":{"@type":"ListItem","@id":"http:\/\/encontroamigosdoradio.com.br\/index.php\/category\/novidade\/#listItem","name":"Novidade"}}]},{"@type":"Organization","@id":"http:\/\/encontroamigosdoradio.com.br\/#organization","name":"6\u00ba Encontro Amigos do R\u00e1dio 111\/10\/2026","description":"Onde a paix\u00e3o vira comunica\u00e7\u00e3o e amizade vira fam\u00edlia","url":"http:\/\/encontroamigosdoradio.com.br\/","logo":{"@type":"ImageObject","url":"https:\/\/encontroamigosdoradio.com.br\/wp-content\/uploads\/2026\/07\/cropped-banner-01.png","@id":"http:\/\/encontroamigosdoradio.com.br\/index.php\/2025\/09\/28\/louvetel-radiocomunicacao-confirma-sua-presenca\/#organizationLogo","width":1919,"height":600},"image":{"@id":"http:\/\/encontroamigosdoradio.com.br\/index.php\/2025\/09\/28\/louvetel-radiocomunicacao-confirma-sua-presenca\/#organizationLogo"}},{"@type":"Person","@id":"http:\/\/encontroamigosdoradio.com.br\/index.php\/author\/py2ve\/#author","url":"http:\/\/encontroamigosdoradio.com.br\/index.php\/author\/py2ve\/","name":"Rubens Zolotujin","image":{"@type":"ImageObject","@id":"http:\/\/encontroamigosdoradio.com.br\/index.php\/2025\/09\/28\/louvetel-radiocomunicacao-confirma-sua-presenca\/#authorImage","url":"https:\/\/secure.gravatar.com\/avatar\/75203a53777d93c2944e43b42c5c0182dcdfd065132431fdb6476d9ace333e73?s=96&d=mm&r=g","width":96,"height":96,"caption":"Rubens Zolotujin"}},{"@type":"WebPage","@id":"http:\/\/encontroamigosdoradio.com.br\/index.php\/2025\/09\/28\/louvetel-radiocomunicacao-confirma-sua-presenca\/#webpage","url":"http:\/\/encontroamigosdoradio.com.br\/index.php\/2025\/09\/28\/louvetel-radiocomunicacao-confirma-sua-presenca\/","name":"Louvetel Radiocomunica\u00e7\u00e3o - 6\u00ba Encontro Amigos do R\u00e1dio 111\/10\/2026","description":"A Louvetel Radiocomunica\u00e7\u00e3o \u00e9 uma empresa consolidada a mais de 20 anos no mercado, fornecendo aos seus clientes, servi\u00e7os de projetos, vendas de sistemas de radiocomunica\u00e7\u00e3o , implanta\u00e7\u00e3o e manuten\u00e7\u00e3o, corretiva e preventiva. No in\u00edcio da d\u00e9cada de 90, devido a demanda de servi\u00e7os especializados em manuten\u00e7\u00e3o de equipamentos de radiocomunica\u00e7\u00e3o na \u00e1rea de seguran\u00e7a p\u00fablica, nasceu a Louvetel,","inLanguage":"pt-BR","isPartOf":{"@id":"http:\/\/encontroamigosdoradio.com.br\/#website"},"breadcrumb":{"@id":"http:\/\/encontroamigosdoradio.com.br\/index.php\/2025\/09\/28\/louvetel-radiocomunicacao-confirma-sua-presenca\/#breadcrumblist"},"author":{"@id":"http:\/\/encontroamigosdoradio.com.br\/index.php\/author\/py2ve\/#author"},"creator":{"@id":"http:\/\/encontroamigosdoradio.com.br\/index.php\/author\/py2ve\/#author"},"image":{"@type":"ImageObject","url":"https:\/\/encontroamigosdoradio.com.br\/wp-content\/uploads\/2025\/09\/louvetel1.png","@id":"http:\/\/encontroamigosdoradio.com.br\/index.php\/2025\/09\/28\/louvetel-radiocomunicacao-confirma-sua-presenca\/#mainImage","width":580,"height":300},"primaryImageOfPage":{"@id":"http:\/\/encontroamigosdoradio.com.br\/index.php\/2025\/09\/28\/louvetel-radiocomunicacao-confirma-sua-presenca\/#mainImage"},"datePublished":"2025-09-28T07:00:50-03:00","dateModified":"2025-10-14T07:59:25-03:00"},{"@type":"WebSite","@id":"http:\/\/encontroamigosdoradio.com.br\/#website","url":"http:\/\/encontroamigosdoradio.com.br\/","name":"6\u00ba Encontro Amigos do R\u00e1dio 111\/10\/2026","description":"Onde a paix\u00e3o vira comunica\u00e7\u00e3o e amizade vira fam\u00edlia","inLanguage":"pt-BR","publisher":{"@id":"http:\/\/encontroamigosdoradio.com.br\/#organization"}}]},"og:locale":"pt_BR","og:site_name":"6\u00ba Encontro Amigos do R\u00e1dio 111\/10\/2026 - Onde a paix\u00e3o vira comunica\u00e7\u00e3o e amizade vira fam\u00edlia","og:type":"article","og:title":"Louvetel Radiocomunica\u00e7\u00e3o - 6\u00ba Encontro Amigos do R\u00e1dio 111\/10\/2026","og:description":"A Louvetel Radiocomunica\u00e7\u00e3o \u00e9 uma empresa consolidada a mais de 20 anos no mercado, fornecendo aos seus clientes, servi\u00e7os de projetos, vendas de sistemas de radiocomunica\u00e7\u00e3o , implanta\u00e7\u00e3o e manuten\u00e7\u00e3o, corretiva e preventiva. No in\u00edcio da d\u00e9cada de 90, devido a demanda de servi\u00e7os especializados em manuten\u00e7\u00e3o de equipamentos de radiocomunica\u00e7\u00e3o na \u00e1rea de seguran\u00e7a p\u00fablica, nasceu a Louvetel,","og:url":"http:\/\/encontroamigosdoradio.com.br\/index.php\/2025\/09\/28\/louvetel-radiocomunicacao-confirma-sua-presenca\/","og:image":"http:\/\/encontroamigosdoradio.com.br\/wp-content\/uploads\/2026\/07\/cropped-banner-01.png","og:image:width":1919,"og:image:height":600,"article:published_time":"2025-09-28T10:00:50+00:00","article:modified_time":"2025-10-14T10:59:25+00:00","twitter:card":"summary_large_image","twitter:title":"Louvetel Radiocomunica\u00e7\u00e3o - 6\u00ba Encontro Amigos do R\u00e1dio 111\/10\/2026","twitter:description":"A Louvetel Radiocomunica\u00e7\u00e3o \u00e9 uma empresa consolidada a mais de 20 anos no mercado, fornecendo aos seus clientes, servi\u00e7os de projetos, vendas de sistemas de radiocomunica\u00e7\u00e3o , implanta\u00e7\u00e3o e manuten\u00e7\u00e3o, corretiva e preventiva. No in\u00edcio da d\u00e9cada de 90, devido a demanda de servi\u00e7os especializados em manuten\u00e7\u00e3o de equipamentos de radiocomunica\u00e7\u00e3o na \u00e1rea de seguran\u00e7a p\u00fablica, nasceu a Louvetel,","twitter:image":"https:\/\/encontroamigosdoradio.com.br\/wp-content\/uploads\/2026\/07\/cropped-banner-01.png"},"aioseo_meta_data":{"post_id":"561","title":null,"description":null,"keywords":null,"keyphrases":{"focus":[],"additional":[]},"primary_term":null,"canonical_url":null,"og_title":null,"og_description":null,"og_object_type":"default","og_image_type":"default","og_image_custom_url":null,"og_image_custom_fields":null,"og_image_url":null,"og_image_width":null,"og_image_height":null,"og_video":null,"og_custom_url":null,"og_article_section":null,"og_article_tags":null,"twitter_use_og":false,"twitter_card":"default","twitter_image_type":"default","twitter_image_custom_url":null,"twitter_image_custom_fields":null,"twitter_image_url":null,"twitter_title":null,"twitter_description":null,"schema_type":"default","schema_type_options":null,"schema":{"blockGraphs":[],"customGraphs":[],"default":{"data":{"Article":[],"Course":[],"Dataset":[],"FAQPage":[],"Movie":[],"Person":[],"Product":[],"ProductReview":[],"Car":[],"Recipe":[],"Service":[],"SoftwareApplication":[],"WebPage":[]},"graphName":"","isEnabled":true},"graphs":[]},"pillar_content":false,"robots_default":true,"robots_noindex":false,"robots_noarchive":false,"robots_nosnippet":false,"robots_nofollow":false,"robots_noimageindex":false,"robots_noodp":false,"robots_notranslate":false,"robots_max_snippet":null,"robots_max_videopreview":null,"robots_max_imagepreview":"large","priority":null,"frequency":null,"local_seo":null,"limit_modified_date":false,"ai":null,"breadcrumb_settings":null,"seo_analyzer_scan_date":null,"created":"2026-07-26 06:04:59","updated":"2026-08-11 17:09:54","focus_keyword":null,"additional_keywords":null,"truseo_locale":null},"aioseo_breadcrumb":"<div class=\"aioseo-breadcrumbs\"><span class=\"aioseo-breadcrumb\">\n\t\t\t<a href=\"http:\/\/encontroamigosdoradio.com.br\" title=\"Home\">Home<\/a>\n\t\t<\/span><span class=\"aioseo-breadcrumb-separator\">&raquo;<\/span><span class=\"aioseo-breadcrumb\">\n\t\t\t<a href=\"http:\/\/encontroamigosdoradio.com.br\/index.php\/category\/novidade\/\" title=\"Novidade\">Novidade<\/a>\n\t\t<\/span><span class=\"aioseo-breadcrumb-separator\">&raquo;<\/span><span class=\"aioseo-breadcrumb\">\n\t\t\tLouvetel Radiocomunica\u00e7\u00e3o\n\t\t<\/span><\/div>","aioseo_breadcrumb_json":[{"label":"Home","link":"http:\/\/encontroamigosdoradio.com.br"},{"label":"Novidade","link":"http:\/\/encontroamigosdoradio.com.br\/index.php\/category\/novidade\/"},{"label":"Louvetel Radiocomunica\u00e7\u00e3o","link":"http:\/\/encontroamigosdoradio.com.br\/index.php\/2025\/09\/28\/louvetel-radiocomunicacao-confirma-sua-presenca\/"}],"_links":{"self":[{"href":"http:\/\/encontroamigosdoradio.com.br\/index.php\/wp-json\/wp\/v2\/posts\/561","targetHints":{"allow":["GET"]}}],"collection":[{"href":"http:\/\/encontroamigosdoradio.com.br\/index.php\/wp-json\/wp\/v2\/posts"}],"about":[{"href":"http:\/\/encontroamigosdoradio.com.br\/index.php\/wp-json\/wp\/v2\/types\/post"}],"author":[{"embeddable":true,"href":"http:\/\/encontroamigosdoradio.com.br\/index.php\/wp-json\/wp\/v2\/users\/1"}],"replies":[{"embeddable":true,"href":"http:\/\/encontroamigosdoradio.com.br\/index.php\/wp-json\/wp\/v2\/comments?post=561"}],"version-history":[{"count":2,"href":"http:\/\/encontroamigosdoradio.com.br\/index.php\/wp-json\/wp\/v2\/posts\/561\/revisions"}],"predecessor-version":[{"id":624,"href":"http:\/\/encontroamigosdoradio.com.br\/index.php\/wp-json\/wp\/v2\/posts\/561\/revisions\/624"}],"wp:featuredmedia":[{"embeddable":true,"href":"http:\/\/encontroamigosdoradio.com.br\/index.php\/wp-json\/wp\/v2\/media\/777"}],"wp:attachment":[{"href":"http:\/\/encontroamigosdoradio.com.br\/index.php\/wp-json\/wp\/v2\/media?parent=561"}],"wp:term":[{"taxonomy":"category","embeddable":true,"href":"http:\/\/encontroamigosdoradio.com.br\/index.php\/wp-json\/wp\/v2\/categories?post=561"},{"taxonomy":"post_tag","embeddable":true,"href":"http:\/\/encontroamigosdoradio.com.br\/index.php\/wp-json\/wp\/v2\/tags?post=561"}],"curies":[{"name":"wp","href":"https:\/\/api.w.org\/{rel}","templated":true}]}}