{"id":820,"date":"2025-10-05T18:52:57","date_gmt":"2025-10-05T21:52:57","guid":{"rendered":"https:\/\/encontroamigosdoradio.com.br\/?p=820"},"modified":"2025-10-10T05:39:21","modified_gmt":"2025-10-10T08:39:21","slug":"confira-o-artigo-sobre-o-encontro-de-artur-nogueira-no-site-antenaativa","status":"publish","type":"post","link":"http:\/\/encontroamigosdoradio.com.br\/index.php\/2025\/10\/05\/confira-o-artigo-sobre-o-encontro-de-artur-nogueira-no-site-antenaativa\/","title":{"rendered":"Confira o artigo sobre o encontro de Artur Nogueira no site Antena Ativa"},"content":{"rendered":"\n<figure class=\"wp-block-image size-large\"><a href=\"https:\/\/antenaativa.com.br\/5o-encontro-artur-nogueira\/\"><img loading=\"lazy\" decoding=\"async\" width=\"1024\" height=\"301\" src=\"https:\/\/encontroamigosdoradio.com.br\/wp-content\/uploads\/2025\/10\/image-1024x301.png\" alt=\"\" class=\"wp-image-823\" srcset=\"https:\/\/encontroamigosdoradio.com.br\/wp-content\/uploads\/2025\/10\/image-1024x301.png 1024w, https:\/\/encontroamigosdoradio.com.br\/wp-content\/uploads\/2025\/10\/image-300x88.png 300w, https:\/\/encontroamigosdoradio.com.br\/wp-content\/uploads\/2025\/10\/image-768x225.png 768w, https:\/\/encontroamigosdoradio.com.br\/wp-content\/uploads\/2025\/10\/image-1536x451.png 1536w, https:\/\/encontroamigosdoradio.com.br\/wp-content\/uploads\/2025\/10\/image.png 1765w\" sizes=\"auto, (max-width: 1024px) 100vw, 1024px\" \/><\/a><\/figure>\n\n\n\n<figure class=\"wp-block-embed is-type-wp-embed is-provider-antena-ativa wp-block-embed-antena-ativa\"><div class=\"wp-block-embed__wrapper\">\n<blockquote class=\"wp-embedded-content\" data-secret=\"ghAdODAsmH\"><a href=\"https:\/\/antenaativa.com.br\/5o-encontro-artur-nogueira\/\">5\u00ba Encontro de Artur Nogueira<\/a><\/blockquote><iframe loading=\"lazy\" class=\"wp-embedded-content\" sandbox=\"allow-scripts\" security=\"restricted\" style=\"position: absolute; visibility: hidden;\" title=\"&#8220;5\u00ba Encontro de Artur Nogueira&#8221; &#8212; Antena Ativa\" src=\"https:\/\/antenaativa.com.br\/5o-encontro-artur-nogueira\/embed\/#?secret=0Hl3KoGBpz#?secret=ghAdODAsmH\" data-secret=\"ghAdODAsmH\" width=\"600\" height=\"338\" frameborder=\"0\" marginwidth=\"0\" marginheight=\"0\" scrolling=\"no\"><\/iframe>\n<\/div><\/figure>\n","protected":false},"excerpt":{"rendered":"","protected":false},"author":1,"featured_media":821,"comment_status":"open","ping_status":"open","sticky":false,"template":"","format":"standard","meta":{"footnotes":""},"categories":[140,4],"tags":[232,233,236,235],"class_list":["post-820","post","type-post","status-publish","format-standard","has-post-thumbnail","hentry","category-140","category-novidade","tag-antena-ativa","tag-antenaativa","tag-artigo","tag-publicacao"],"aioseo_notices":[],"aioseo_head":"\n\t\t<!-- All in One SEO 5.0.1.1 - aioseo.com -->\n\t<meta name=\"robots\" content=\"max-image-preview:large\" \/>\n\t<meta name=\"author\" content=\"Rubens Zolotujin\"\/>\n\t<link rel=\"canonical\" href=\"http:\/\/encontroamigosdoradio.com.br\/index.php\/2025\/10\/05\/confira-o-artigo-sobre-o-encontro-de-artur-nogueira-no-site-antenaativa\/\" \/>\n\t<meta name=\"generator\" content=\"All in One SEO (AIOSEO) 5.0.1.1\" \/>\n\t\t<meta property=\"og:locale\" content=\"pt_BR\" \/>\n\t\t<meta property=\"og:site_name\" content=\"6\u00ba Encontro Amigos do R\u00e1dio 111\/10\/2026 - Onde a paix\u00e3o vira comunica\u00e7\u00e3o e amizade vira fam\u00edlia\" \/>\n\t\t<meta property=\"og:type\" content=\"article\" \/>\n\t\t<meta property=\"og:title\" content=\"Confira o artigo sobre o encontro de Artur Nogueira no site Antena Ativa - 6\u00ba Encontro Amigos do R\u00e1dio 111\/10\/2026\" \/>\n\t\t<meta property=\"og:url\" content=\"http:\/\/encontroamigosdoradio.com.br\/index.php\/2025\/10\/05\/confira-o-artigo-sobre-o-encontro-de-artur-nogueira-no-site-antenaativa\/\" \/>\n\t\t<meta property=\"og:image\" content=\"http:\/\/encontroamigosdoradio.com.br\/wp-content\/uploads\/2026\/07\/cropped-banner-01.png\" \/>\n\t\t<meta property=\"og:image:width\" content=\"1919\" \/>\n\t\t<meta property=\"og:image:height\" content=\"600\" \/>\n\t\t<meta property=\"article:published_time\" content=\"2025-10-05T21:52:57+00:00\" \/>\n\t\t<meta property=\"article:modified_time\" content=\"2025-10-10T08:39:21+00:00\" \/>\n\t\t<meta name=\"twitter:card\" content=\"summary_large_image\" \/>\n\t\t<meta name=\"twitter:title\" content=\"Confira o artigo sobre o encontro de Artur Nogueira no site Antena Ativa - 6\u00ba Encontro Amigos do R\u00e1dio 111\/10\/2026\" \/>\n\t\t<meta name=\"twitter:image\" content=\"https:\/\/encontroamigosdoradio.com.br\/wp-content\/uploads\/2026\/07\/cropped-banner-01.png\" \/>\n\t\t<script type=\"application\/ld+json\" class=\"aioseo-schema\">\n\t\t\t{\"@context\":\"https:\\\/\\\/schema.org\",\"@graph\":[{\"@type\":\"BlogPosting\",\"@id\":\"http:\\\/\\\/encontroamigosdoradio.com.br\\\/index.php\\\/2025\\\/10\\\/05\\\/confira-o-artigo-sobre-o-encontro-de-artur-nogueira-no-site-antenaativa\\\/#blogposting\",\"name\":\"Confira o artigo sobre o encontro de Artur Nogueira no site Antena Ativa - 6\\u00ba Encontro Amigos do R\\u00e1dio 111\\\/10\\\/2026\",\"headline\":\"Confira o artigo sobre o encontro de Artur Nogueira no site Antena Ativa\",\"author\":{\"@id\":\"http:\\\/\\\/encontroamigosdoradio.com.br\\\/index.php\\\/author\\\/py2ve\\\/#author\"},\"publisher\":{\"@id\":\"http:\\\/\\\/encontroamigosdoradio.com.br\\\/#organization\"},\"image\":{\"@type\":\"ImageObject\",\"url\":\"https:\\\/\\\/encontroamigosdoradio.com.br\\\/wp-content\\\/uploads\\\/2025\\\/10\\\/5-encontro-de-artur-nogueira-2-300x172-1.webp\",\"width\":300,\"height\":172},\"datePublished\":\"2025-10-05T18:52:57-03:00\",\"dateModified\":\"2025-10-10T05:39:21-03:00\",\"inLanguage\":\"pt-BR\",\"mainEntityOfPage\":{\"@id\":\"http:\\\/\\\/encontroamigosdoradio.com.br\\\/index.php\\\/2025\\\/10\\\/05\\\/confira-o-artigo-sobre-o-encontro-de-artur-nogueira-no-site-antenaativa\\\/#webpage\"},\"isPartOf\":{\"@id\":\"http:\\\/\\\/encontroamigosdoradio.com.br\\\/index.php\\\/2025\\\/10\\\/05\\\/confira-o-artigo-sobre-o-encontro-de-artur-nogueira-no-site-antenaativa\\\/#webpage\"},\"articleSection\":\"2025, Novidade, antena ativa, antenaativa, artigo, publica\\u00e7\\u00e3o\"},{\"@type\":\"BreadcrumbList\",\"@id\":\"http:\\\/\\\/encontroamigosdoradio.com.br\\\/index.php\\\/2025\\\/10\\\/05\\\/confira-o-artigo-sobre-o-encontro-de-artur-nogueira-no-site-antenaativa\\\/#breadcrumblist\",\"itemListElement\":[{\"@type\":\"ListItem\",\"@id\":\"http:\\\/\\\/encontroamigosdoradio.com.br#listItem\",\"position\":1,\"name\":\"Home\",\"item\":\"http:\\\/\\\/encontroamigosdoradio.com.br\",\"nextItem\":{\"@type\":\"ListItem\",\"@id\":\"http:\\\/\\\/encontroamigosdoradio.com.br\\\/index.php\\\/category\\\/novidade\\\/#listItem\",\"name\":\"Novidade\"}},{\"@type\":\"ListItem\",\"@id\":\"http:\\\/\\\/encontroamigosdoradio.com.br\\\/index.php\\\/category\\\/novidade\\\/#listItem\",\"position\":2,\"name\":\"Novidade\",\"item\":\"http:\\\/\\\/encontroamigosdoradio.com.br\\\/index.php\\\/category\\\/novidade\\\/\",\"nextItem\":{\"@type\":\"ListItem\",\"@id\":\"http:\\\/\\\/encontroamigosdoradio.com.br\\\/index.php\\\/2025\\\/10\\\/05\\\/confira-o-artigo-sobre-o-encontro-de-artur-nogueira-no-site-antenaativa\\\/#listItem\",\"name\":\"Confira o artigo sobre o encontro de Artur Nogueira no site Antena Ativa\"},\"previousItem\":{\"@type\":\"ListItem\",\"@id\":\"http:\\\/\\\/encontroamigosdoradio.com.br#listItem\",\"name\":\"Home\"}},{\"@type\":\"ListItem\",\"@id\":\"http:\\\/\\\/encontroamigosdoradio.com.br\\\/index.php\\\/2025\\\/10\\\/05\\\/confira-o-artigo-sobre-o-encontro-de-artur-nogueira-no-site-antenaativa\\\/#listItem\",\"position\":3,\"name\":\"Confira o artigo sobre o encontro de Artur Nogueira no site Antena Ativa\",\"previousItem\":{\"@type\":\"ListItem\",\"@id\":\"http:\\\/\\\/encontroamigosdoradio.com.br\\\/index.php\\\/category\\\/novidade\\\/#listItem\",\"name\":\"Novidade\"}}]},{\"@type\":\"Organization\",\"@id\":\"http:\\\/\\\/encontroamigosdoradio.com.br\\\/#organization\",\"name\":\"6\\u00ba Encontro Amigos do R\\u00e1dio 111\\\/10\\\/2026\",\"description\":\"Onde a paix\\u00e3o vira comunica\\u00e7\\u00e3o e amizade vira fam\\u00edlia\",\"url\":\"http:\\\/\\\/encontroamigosdoradio.com.br\\\/\",\"logo\":{\"@type\":\"ImageObject\",\"url\":\"https:\\\/\\\/encontroamigosdoradio.com.br\\\/wp-content\\\/uploads\\\/2026\\\/07\\\/cropped-banner-01.png\",\"@id\":\"http:\\\/\\\/encontroamigosdoradio.com.br\\\/index.php\\\/2025\\\/10\\\/05\\\/confira-o-artigo-sobre-o-encontro-de-artur-nogueira-no-site-antenaativa\\\/#organizationLogo\",\"width\":1919,\"height\":600},\"image\":{\"@id\":\"http:\\\/\\\/encontroamigosdoradio.com.br\\\/index.php\\\/2025\\\/10\\\/05\\\/confira-o-artigo-sobre-o-encontro-de-artur-nogueira-no-site-antenaativa\\\/#organizationLogo\"}},{\"@type\":\"Person\",\"@id\":\"http:\\\/\\\/encontroamigosdoradio.com.br\\\/index.php\\\/author\\\/py2ve\\\/#author\",\"url\":\"http:\\\/\\\/encontroamigosdoradio.com.br\\\/index.php\\\/author\\\/py2ve\\\/\",\"name\":\"Rubens Zolotujin\",\"image\":{\"@type\":\"ImageObject\",\"@id\":\"http:\\\/\\\/encontroamigosdoradio.com.br\\\/index.php\\\/2025\\\/10\\\/05\\\/confira-o-artigo-sobre-o-encontro-de-artur-nogueira-no-site-antenaativa\\\/#authorImage\",\"url\":\"https:\\\/\\\/secure.gravatar.com\\\/avatar\\\/75203a53777d93c2944e43b42c5c0182dcdfd065132431fdb6476d9ace333e73?s=96&d=mm&r=g\",\"width\":96,\"height\":96,\"caption\":\"Rubens Zolotujin\"}},{\"@type\":\"WebPage\",\"@id\":\"http:\\\/\\\/encontroamigosdoradio.com.br\\\/index.php\\\/2025\\\/10\\\/05\\\/confira-o-artigo-sobre-o-encontro-de-artur-nogueira-no-site-antenaativa\\\/#webpage\",\"url\":\"http:\\\/\\\/encontroamigosdoradio.com.br\\\/index.php\\\/2025\\\/10\\\/05\\\/confira-o-artigo-sobre-o-encontro-de-artur-nogueira-no-site-antenaativa\\\/\",\"name\":\"Confira o artigo sobre o encontro de Artur Nogueira no site Antena Ativa - 6\\u00ba Encontro Amigos do R\\u00e1dio 111\\\/10\\\/2026\",\"inLanguage\":\"pt-BR\",\"isPartOf\":{\"@id\":\"http:\\\/\\\/encontroamigosdoradio.com.br\\\/#website\"},\"breadcrumb\":{\"@id\":\"http:\\\/\\\/encontroamigosdoradio.com.br\\\/index.php\\\/2025\\\/10\\\/05\\\/confira-o-artigo-sobre-o-encontro-de-artur-nogueira-no-site-antenaativa\\\/#breadcrumblist\"},\"author\":{\"@id\":\"http:\\\/\\\/encontroamigosdoradio.com.br\\\/index.php\\\/author\\\/py2ve\\\/#author\"},\"creator\":{\"@id\":\"http:\\\/\\\/encontroamigosdoradio.com.br\\\/index.php\\\/author\\\/py2ve\\\/#author\"},\"image\":{\"@type\":\"ImageObject\",\"url\":\"https:\\\/\\\/encontroamigosdoradio.com.br\\\/wp-content\\\/uploads\\\/2025\\\/10\\\/5-encontro-de-artur-nogueira-2-300x172-1.webp\",\"@id\":\"http:\\\/\\\/encontroamigosdoradio.com.br\\\/index.php\\\/2025\\\/10\\\/05\\\/confira-o-artigo-sobre-o-encontro-de-artur-nogueira-no-site-antenaativa\\\/#mainImage\",\"width\":300,\"height\":172},\"primaryImageOfPage\":{\"@id\":\"http:\\\/\\\/encontroamigosdoradio.com.br\\\/index.php\\\/2025\\\/10\\\/05\\\/confira-o-artigo-sobre-o-encontro-de-artur-nogueira-no-site-antenaativa\\\/#mainImage\"},\"datePublished\":\"2025-10-05T18:52:57-03:00\",\"dateModified\":\"2025-10-10T05:39:21-03:00\"},{\"@type\":\"WebSite\",\"@id\":\"http:\\\/\\\/encontroamigosdoradio.com.br\\\/#website\",\"url\":\"http:\\\/\\\/encontroamigosdoradio.com.br\\\/\",\"name\":\"6\\u00ba Encontro Amigos do R\\u00e1dio 111\\\/10\\\/2026\",\"description\":\"Onde a paix\\u00e3o vira comunica\\u00e7\\u00e3o e amizade vira fam\\u00edlia\",\"inLanguage\":\"pt-BR\",\"publisher\":{\"@id\":\"http:\\\/\\\/encontroamigosdoradio.com.br\\\/#organization\"}}]}\n\t\t<\/script>\n\t\t<!-- All in One SEO -->\n\n","aioseo_head_json":{"title":"Confira o artigo sobre o encontro de Artur Nogueira no site Antena Ativa - 6\u00ba Encontro Amigos do R\u00e1dio 111\/10\/2026","description":"","canonical_url":"http:\/\/encontroamigosdoradio.com.br\/index.php\/2025\/10\/05\/confira-o-artigo-sobre-o-encontro-de-artur-nogueira-no-site-antenaativa\/","robots":"max-image-preview:large","keywords":"","webmasterTools":{"miscellaneous":""},"schema":{"@context":"https:\/\/schema.org","@graph":[{"@type":"BlogPosting","@id":"http:\/\/encontroamigosdoradio.com.br\/index.php\/2025\/10\/05\/confira-o-artigo-sobre-o-encontro-de-artur-nogueira-no-site-antenaativa\/#blogposting","name":"Confira o artigo sobre o encontro de Artur Nogueira no site Antena Ativa - 6\u00ba Encontro Amigos do R\u00e1dio 111\/10\/2026","headline":"Confira o artigo sobre o encontro de Artur Nogueira no site Antena Ativa","author":{"@id":"http:\/\/encontroamigosdoradio.com.br\/index.php\/author\/py2ve\/#author"},"publisher":{"@id":"http:\/\/encontroamigosdoradio.com.br\/#organization"},"image":{"@type":"ImageObject","url":"https:\/\/encontroamigosdoradio.com.br\/wp-content\/uploads\/2025\/10\/5-encontro-de-artur-nogueira-2-300x172-1.webp","width":300,"height":172},"datePublished":"2025-10-05T18:52:57-03:00","dateModified":"2025-10-10T05:39:21-03:00","inLanguage":"pt-BR","mainEntityOfPage":{"@id":"http:\/\/encontroamigosdoradio.com.br\/index.php\/2025\/10\/05\/confira-o-artigo-sobre-o-encontro-de-artur-nogueira-no-site-antenaativa\/#webpage"},"isPartOf":{"@id":"http:\/\/encontroamigosdoradio.com.br\/index.php\/2025\/10\/05\/confira-o-artigo-sobre-o-encontro-de-artur-nogueira-no-site-antenaativa\/#webpage"},"articleSection":"2025, Novidade, antena ativa, antenaativa, artigo, publica\u00e7\u00e3o"},{"@type":"BreadcrumbList","@id":"http:\/\/encontroamigosdoradio.com.br\/index.php\/2025\/10\/05\/confira-o-artigo-sobre-o-encontro-de-artur-nogueira-no-site-antenaativa\/#breadcrumblist","itemListElement":[{"@type":"ListItem","@id":"http:\/\/encontroamigosdoradio.com.br#listItem","position":1,"name":"Home","item":"http:\/\/encontroamigosdoradio.com.br","nextItem":{"@type":"ListItem","@id":"http:\/\/encontroamigosdoradio.com.br\/index.php\/category\/novidade\/#listItem","name":"Novidade"}},{"@type":"ListItem","@id":"http:\/\/encontroamigosdoradio.com.br\/index.php\/category\/novidade\/#listItem","position":2,"name":"Novidade","item":"http:\/\/encontroamigosdoradio.com.br\/index.php\/category\/novidade\/","nextItem":{"@type":"ListItem","@id":"http:\/\/encontroamigosdoradio.com.br\/index.php\/2025\/10\/05\/confira-o-artigo-sobre-o-encontro-de-artur-nogueira-no-site-antenaativa\/#listItem","name":"Confira o artigo sobre o encontro de Artur Nogueira no site Antena Ativa"},"previousItem":{"@type":"ListItem","@id":"http:\/\/encontroamigosdoradio.com.br#listItem","name":"Home"}},{"@type":"ListItem","@id":"http:\/\/encontroamigosdoradio.com.br\/index.php\/2025\/10\/05\/confira-o-artigo-sobre-o-encontro-de-artur-nogueira-no-site-antenaativa\/#listItem","position":3,"name":"Confira o artigo sobre o encontro de Artur Nogueira no site Antena Ativa","previousItem":{"@type":"ListItem","@id":"http:\/\/encontroamigosdoradio.com.br\/index.php\/category\/novidade\/#listItem","name":"Novidade"}}]},{"@type":"Organization","@id":"http:\/\/encontroamigosdoradio.com.br\/#organization","name":"6\u00ba Encontro Amigos do R\u00e1dio 111\/10\/2026","description":"Onde a paix\u00e3o vira comunica\u00e7\u00e3o e amizade vira fam\u00edlia","url":"http:\/\/encontroamigosdoradio.com.br\/","logo":{"@type":"ImageObject","url":"https:\/\/encontroamigosdoradio.com.br\/wp-content\/uploads\/2026\/07\/cropped-banner-01.png","@id":"http:\/\/encontroamigosdoradio.com.br\/index.php\/2025\/10\/05\/confira-o-artigo-sobre-o-encontro-de-artur-nogueira-no-site-antenaativa\/#organizationLogo","width":1919,"height":600},"image":{"@id":"http:\/\/encontroamigosdoradio.com.br\/index.php\/2025\/10\/05\/confira-o-artigo-sobre-o-encontro-de-artur-nogueira-no-site-antenaativa\/#organizationLogo"}},{"@type":"Person","@id":"http:\/\/encontroamigosdoradio.com.br\/index.php\/author\/py2ve\/#author","url":"http:\/\/encontroamigosdoradio.com.br\/index.php\/author\/py2ve\/","name":"Rubens Zolotujin","image":{"@type":"ImageObject","@id":"http:\/\/encontroamigosdoradio.com.br\/index.php\/2025\/10\/05\/confira-o-artigo-sobre-o-encontro-de-artur-nogueira-no-site-antenaativa\/#authorImage","url":"https:\/\/secure.gravatar.com\/avatar\/75203a53777d93c2944e43b42c5c0182dcdfd065132431fdb6476d9ace333e73?s=96&d=mm&r=g","width":96,"height":96,"caption":"Rubens Zolotujin"}},{"@type":"WebPage","@id":"http:\/\/encontroamigosdoradio.com.br\/index.php\/2025\/10\/05\/confira-o-artigo-sobre-o-encontro-de-artur-nogueira-no-site-antenaativa\/#webpage","url":"http:\/\/encontroamigosdoradio.com.br\/index.php\/2025\/10\/05\/confira-o-artigo-sobre-o-encontro-de-artur-nogueira-no-site-antenaativa\/","name":"Confira o artigo sobre o encontro de Artur Nogueira no site Antena Ativa - 6\u00ba Encontro Amigos do R\u00e1dio 111\/10\/2026","inLanguage":"pt-BR","isPartOf":{"@id":"http:\/\/encontroamigosdoradio.com.br\/#website"},"breadcrumb":{"@id":"http:\/\/encontroamigosdoradio.com.br\/index.php\/2025\/10\/05\/confira-o-artigo-sobre-o-encontro-de-artur-nogueira-no-site-antenaativa\/#breadcrumblist"},"author":{"@id":"http:\/\/encontroamigosdoradio.com.br\/index.php\/author\/py2ve\/#author"},"creator":{"@id":"http:\/\/encontroamigosdoradio.com.br\/index.php\/author\/py2ve\/#author"},"image":{"@type":"ImageObject","url":"https:\/\/encontroamigosdoradio.com.br\/wp-content\/uploads\/2025\/10\/5-encontro-de-artur-nogueira-2-300x172-1.webp","@id":"http:\/\/encontroamigosdoradio.com.br\/index.php\/2025\/10\/05\/confira-o-artigo-sobre-o-encontro-de-artur-nogueira-no-site-antenaativa\/#mainImage","width":300,"height":172},"primaryImageOfPage":{"@id":"http:\/\/encontroamigosdoradio.com.br\/index.php\/2025\/10\/05\/confira-o-artigo-sobre-o-encontro-de-artur-nogueira-no-site-antenaativa\/#mainImage"},"datePublished":"2025-10-05T18:52:57-03:00","dateModified":"2025-10-10T05:39:21-03:00"},{"@type":"WebSite","@id":"http:\/\/encontroamigosdoradio.com.br\/#website","url":"http:\/\/encontroamigosdoradio.com.br\/","name":"6\u00ba Encontro Amigos do R\u00e1dio 111\/10\/2026","description":"Onde a paix\u00e3o vira comunica\u00e7\u00e3o e amizade vira fam\u00edlia","inLanguage":"pt-BR","publisher":{"@id":"http:\/\/encontroamigosdoradio.com.br\/#organization"}}]},"og:locale":"pt_BR","og:site_name":"6\u00ba Encontro Amigos do R\u00e1dio 111\/10\/2026 - Onde a paix\u00e3o vira comunica\u00e7\u00e3o e amizade vira fam\u00edlia","og:type":"article","og:title":"Confira o artigo sobre o encontro de Artur Nogueira no site Antena Ativa - 6\u00ba Encontro Amigos do R\u00e1dio 111\/10\/2026","og:url":"http:\/\/encontroamigosdoradio.com.br\/index.php\/2025\/10\/05\/confira-o-artigo-sobre-o-encontro-de-artur-nogueira-no-site-antenaativa\/","og:image":"http:\/\/encontroamigosdoradio.com.br\/wp-content\/uploads\/2026\/07\/cropped-banner-01.png","og:image:width":1919,"og:image:height":600,"article:published_time":"2025-10-05T21:52:57+00:00","article:modified_time":"2025-10-10T08:39:21+00:00","twitter:card":"summary_large_image","twitter:title":"Confira o artigo sobre o encontro de Artur Nogueira no site Antena Ativa - 6\u00ba Encontro Amigos do R\u00e1dio 111\/10\/2026","twitter:image":"https:\/\/encontroamigosdoradio.com.br\/wp-content\/uploads\/2026\/07\/cropped-banner-01.png"},"aioseo_meta_data":{"post_id":"820","title":null,"description":null,"keywords":null,"keyphrases":{"focus":[],"additional":[]},"primary_term":null,"canonical_url":null,"og_title":null,"og_description":null,"og_object_type":"default","og_image_type":"default","og_image_custom_url":null,"og_image_custom_fields":null,"og_image_url":null,"og_image_width":null,"og_image_height":null,"og_video":null,"og_custom_url":null,"og_article_section":null,"og_article_tags":null,"twitter_use_og":false,"twitter_card":"default","twitter_image_type":"default","twitter_image_custom_url":null,"twitter_image_custom_fields":null,"twitter_image_url":null,"twitter_title":null,"twitter_description":null,"schema_type":"default","schema_type_options":null,"schema":{"blockGraphs":[],"customGraphs":[],"default":{"data":{"Article":[],"Course":[],"Dataset":[],"FAQPage":[],"Movie":[],"Person":[],"Product":[],"ProductReview":[],"Car":[],"Recipe":[],"Service":[],"SoftwareApplication":[],"WebPage":[]},"graphName":"","isEnabled":true},"graphs":[]},"pillar_content":false,"robots_default":true,"robots_noindex":false,"robots_noarchive":false,"robots_nosnippet":false,"robots_nofollow":false,"robots_noimageindex":false,"robots_noodp":false,"robots_notranslate":false,"robots_max_snippet":null,"robots_max_videopreview":null,"robots_max_imagepreview":"large","priority":null,"frequency":null,"local_seo":null,"limit_modified_date":false,"ai":null,"breadcrumb_settings":null,"seo_analyzer_scan_date":null,"created":"2026-07-26 06:04:59","updated":"2026-08-11 17:09:53","focus_keyword":null,"additional_keywords":null,"truseo_locale":null},"aioseo_breadcrumb":"<div class=\"aioseo-breadcrumbs\"><span class=\"aioseo-breadcrumb\">\n\t\t\t<a href=\"http:\/\/encontroamigosdoradio.com.br\" title=\"Home\">Home<\/a>\n\t\t<\/span><span class=\"aioseo-breadcrumb-separator\">&raquo;<\/span><span class=\"aioseo-breadcrumb\">\n\t\t\t<a href=\"http:\/\/encontroamigosdoradio.com.br\/index.php\/category\/novidade\/\" title=\"Novidade\">Novidade<\/a>\n\t\t<\/span><span class=\"aioseo-breadcrumb-separator\">&raquo;<\/span><span class=\"aioseo-breadcrumb\">\n\t\t\tConfira o artigo sobre o encontro de Artur Nogueira no site Antena Ativa\n\t\t<\/span><\/div>","aioseo_breadcrumb_json":[{"label":"Home","link":"http:\/\/encontroamigosdoradio.com.br"},{"label":"Novidade","link":"http:\/\/encontroamigosdoradio.com.br\/index.php\/category\/novidade\/"},{"label":"Confira o artigo sobre o encontro de Artur Nogueira no site Antena Ativa","link":"http:\/\/encontroamigosdoradio.com.br\/index.php\/2025\/10\/05\/confira-o-artigo-sobre-o-encontro-de-artur-nogueira-no-site-antenaativa\/"}],"_links":{"self":[{"href":"http:\/\/encontroamigosdoradio.com.br\/index.php\/wp-json\/wp\/v2\/posts\/820","targetHints":{"allow":["GET"]}}],"collection":[{"href":"http:\/\/encontroamigosdoradio.com.br\/index.php\/wp-json\/wp\/v2\/posts"}],"about":[{"href":"http:\/\/encontroamigosdoradio.com.br\/index.php\/wp-json\/wp\/v2\/types\/post"}],"author":[{"embeddable":true,"href":"http:\/\/encontroamigosdoradio.com.br\/index.php\/wp-json\/wp\/v2\/users\/1"}],"replies":[{"embeddable":true,"href":"http:\/\/encontroamigosdoradio.com.br\/index.php\/wp-json\/wp\/v2\/comments?post=820"}],"version-history":[{"count":3,"href":"http:\/\/encontroamigosdoradio.com.br\/index.php\/wp-json\/wp\/v2\/posts\/820\/revisions"}],"predecessor-version":[{"id":881,"href":"http:\/\/encontroamigosdoradio.com.br\/index.php\/wp-json\/wp\/v2\/posts\/820\/revisions\/881"}],"wp:featuredmedia":[{"embeddable":true,"href":"http:\/\/encontroamigosdoradio.com.br\/index.php\/wp-json\/wp\/v2\/media\/821"}],"wp:attachment":[{"href":"http:\/\/encontroamigosdoradio.com.br\/index.php\/wp-json\/wp\/v2\/media?parent=820"}],"wp:term":[{"taxonomy":"category","embeddable":true,"href":"http:\/\/encontroamigosdoradio.com.br\/index.php\/wp-json\/wp\/v2\/categories?post=820"},{"taxonomy":"post_tag","embeddable":true,"href":"http:\/\/encontroamigosdoradio.com.br\/index.php\/wp-json\/wp\/v2\/tags?post=820"}],"curies":[{"name":"wp","href":"https:\/\/api.w.org\/{rel}","templated":true}]}}