{"id":1350,"date":"2025-10-16T04:05:55","date_gmt":"2025-10-16T07:05:55","guid":{"rendered":"https:\/\/encontroamigosdoradio.com.br\/?p=1350"},"modified":"2025-10-16T05:29:35","modified_gmt":"2025-10-16T08:29:35","slug":"comunicado-labre-df-que-esteve-presente-no-5-encontro","status":"publish","type":"post","link":"https:\/\/encontroamigosdoradio.com.br\/index.php\/2025\/10\/16\/comunicado-labre-df-que-esteve-presente-no-5-encontro\/","title":{"rendered":"Comunicado LABRE DF que esteve presente no 5\u00b0 Encontro"},"content":{"rendered":"\n<p><\/p>\n\n\n\n<p>A LABRE DF esteve, neste \u00faltimo domingo, 12 de outubro, participando do 5\u00ba Encontro de Radioamadores de Artur Nogueira \u2013 S\u00e3o Paulo, sem d\u00favida um dos maiores encontros de radioamadores do interior paulista, organizado pelo grande Rubens Zolotujin (PY2VE).<\/p>\n\n\n\n<p>O evento reuniu mais de mil radioamadores e foi uma excelente oportunidade para reencontrar amigos de todo o Brasil, al\u00e9m de divulgar o trabalho que a nova diretoria da LABRE DF vem realizando ao longo deste ano.<\/p>\n\n\n\n<p>Mais uma vez deixamos nosso \u201cquadradinho\u201d, assim como aconteceu no m\u00eas de julho, quando a LABRE DF marcou presen\u00e7a no encontro de radioamadores de Catal\u00e3o, em Goi\u00e1s. Desta vez, viajamos mais de mil quil\u00f4metros para chegar a S\u00e3o Paulo.<\/p>\n\n\n\n<p>Durante o encontro, tivemos a alegria de reencontrar nossas entidades irm\u00e3s LABRE SP e LABRE PR, que tamb\u00e9m prestigiaram o evento.<\/p>\n\n\n\n<p>Foi igualmente gratificante encontrar nossos amigos do DF, o Grupo Mutum de R\u00e1dio Expedi\u00e7\u00e3o, que viajaram em comboio, em v\u00e1rios carros, e tamb\u00e9m marcaram presen\u00e7a no encontro.<\/p>\n\n\n\n<p>Outro momento muito emocionante foi ver a grande quantidade de doa\u00e7\u00f5es de materiais de higiene, limpeza e alimentos, realizadas por todos os radioamadores em apoio \u00e0 campanha solid\u00e1ria. As doa\u00e7\u00f5es foram entregues pessoalmente por Rubens Zolotujin \u00e0 AIDAN (Assist\u00eancia aos Idosos Desamparados de Artur Nogueira).<\/p>\n\n\n\n<p>As mesas da Eletroca estavam repletas de equipamentos, proporcionando um \u00f3timo momento para trocar conhecimento sobre r\u00e1dios, antenas e tecnologias, tanto antigas quanto novas.<\/p>\n\n\n\n<p>A LABRE DF tamb\u00e9m entregou, em m\u00e3os, um Certificado \u201cAmigo da LABRE DF\u201d a Rubens Zolotujin (PY2VE), reafirmando o compromisso de retornar no pr\u00f3ximo ano e contribuir de forma efetiva para que esse fabuloso encontro continue crescendo.<\/p>\n\n\n\n<p>Queremos agradecer, em nome de todos os que fazem parte da LABRE DF, ao querido Rog\u00e9rio Kanegusuku (PY2TWI) e sua esposa Cl\u00e1udia, bem como a toda equipe da LABRE SP (M\u00e1rcio, Pedro e F\u00e1bio) por todo o apoio. Agradecemos tamb\u00e9m ao estimado Marcos Renato (PY5MRF), cuja presen\u00e7a \u00e9 sempre uma grande satisfa\u00e7\u00e3o.<\/p>\n\n\n\n<p>Por fim, reiteramos que esta nova diretoria da LABRE DF tem se empenhado em estar presente onde o radioamador est\u00e1, levando sempre a mensagem da import\u00e2ncia de ser afiliado \u00e0 entidade que representa o radioamadorismo brasileiro perante autoridades nacionais e internacionais.<\/p>\n\n\n\n<p>Um grande abra\u00e7o a todos os amigos de Artur Nogueira (SP) e at\u00e9 o pr\u00f3ximo ano!<\/p>\n\n\n\n<p>Martim e Vamberto<br>Presidente e Vice-Presidente da LABRE DF<\/p>\n\n\n\n<figure class=\"wp-block-gallery has-nested-images columns-default is-cropped wp-block-gallery-1 is-layout-flex wp-block-gallery-is-layout-flex\">\n<figure class=\"wp-block-image size-large\"><img loading=\"lazy\" decoding=\"async\" width=\"576\" height=\"1024\" data-id=\"1313\" src=\"https:\/\/encontroamigosdoradio.com.br\/wp-content\/uploads\/2025\/10\/img-20251015-wa02202902041080342442276-576x1024.jpg\" alt=\"\" class=\"wp-image-1313\" srcset=\"https:\/\/encontroamigosdoradio.com.br\/wp-content\/uploads\/2025\/10\/img-20251015-wa02202902041080342442276-576x1024.jpg 576w, https:\/\/encontroamigosdoradio.com.br\/wp-content\/uploads\/2025\/10\/img-20251015-wa02202902041080342442276-169x300.jpg 169w, https:\/\/encontroamigosdoradio.com.br\/wp-content\/uploads\/2025\/10\/img-20251015-wa02202902041080342442276-768x1365.jpg 768w, https:\/\/encontroamigosdoradio.com.br\/wp-content\/uploads\/2025\/10\/img-20251015-wa02202902041080342442276-864x1536.jpg 864w, https:\/\/encontroamigosdoradio.com.br\/wp-content\/uploads\/2025\/10\/img-20251015-wa02202902041080342442276.jpg 900w\" sizes=\"auto, (max-width: 576px) 100vw, 576px\" \/><\/figure>\n\n\n\n<figure class=\"wp-block-image size-large\"><img loading=\"lazy\" decoding=\"async\" width=\"1024\" height=\"576\" data-id=\"1314\" src=\"https:\/\/encontroamigosdoradio.com.br\/wp-content\/uploads\/2025\/10\/img-20251015-wa02182532436641951953515-1024x576.jpg\" alt=\"\" class=\"wp-image-1314\" srcset=\"https:\/\/encontroamigosdoradio.com.br\/wp-content\/uploads\/2025\/10\/img-20251015-wa02182532436641951953515-1024x576.jpg 1024w, https:\/\/encontroamigosdoradio.com.br\/wp-content\/uploads\/2025\/10\/img-20251015-wa02182532436641951953515-300x169.jpg 300w, https:\/\/encontroamigosdoradio.com.br\/wp-content\/uploads\/2025\/10\/img-20251015-wa02182532436641951953515-768x432.jpg 768w, https:\/\/encontroamigosdoradio.com.br\/wp-content\/uploads\/2025\/10\/img-20251015-wa02182532436641951953515-1536x864.jpg 1536w, https:\/\/encontroamigosdoradio.com.br\/wp-content\/uploads\/2025\/10\/img-20251015-wa02182532436641951953515.jpg 1600w\" sizes=\"auto, (max-width: 1024px) 100vw, 1024px\" \/><\/figure>\n\n\n\n<figure class=\"wp-block-image size-large\"><img loading=\"lazy\" decoding=\"async\" width=\"576\" height=\"1024\" data-id=\"1312\" src=\"https:\/\/encontroamigosdoradio.com.br\/wp-content\/uploads\/2025\/10\/img-20251015-wa0216551519580254642216-576x1024.jpg\" alt=\"\" class=\"wp-image-1312\" srcset=\"https:\/\/encontroamigosdoradio.com.br\/wp-content\/uploads\/2025\/10\/img-20251015-wa0216551519580254642216-576x1024.jpg 576w, https:\/\/encontroamigosdoradio.com.br\/wp-content\/uploads\/2025\/10\/img-20251015-wa0216551519580254642216-169x300.jpg 169w, https:\/\/encontroamigosdoradio.com.br\/wp-content\/uploads\/2025\/10\/img-20251015-wa0216551519580254642216-768x1365.jpg 768w, https:\/\/encontroamigosdoradio.com.br\/wp-content\/uploads\/2025\/10\/img-20251015-wa0216551519580254642216-864x1536.jpg 864w, https:\/\/encontroamigosdoradio.com.br\/wp-content\/uploads\/2025\/10\/img-20251015-wa0216551519580254642216.jpg 900w\" sizes=\"auto, (max-width: 576px) 100vw, 576px\" \/><\/figure>\n\n\n\n<figure class=\"wp-block-image size-large\"><img loading=\"lazy\" decoding=\"async\" width=\"1024\" height=\"576\" data-id=\"1315\" src=\"https:\/\/encontroamigosdoradio.com.br\/wp-content\/uploads\/2025\/10\/img-20251015-wa02146754122327335845322-1024x576.jpg\" alt=\"\" class=\"wp-image-1315\" srcset=\"https:\/\/encontroamigosdoradio.com.br\/wp-content\/uploads\/2025\/10\/img-20251015-wa02146754122327335845322-1024x576.jpg 1024w, https:\/\/encontroamigosdoradio.com.br\/wp-content\/uploads\/2025\/10\/img-20251015-wa02146754122327335845322-300x169.jpg 300w, https:\/\/encontroamigosdoradio.com.br\/wp-content\/uploads\/2025\/10\/img-20251015-wa02146754122327335845322-768x432.jpg 768w, https:\/\/encontroamigosdoradio.com.br\/wp-content\/uploads\/2025\/10\/img-20251015-wa02146754122327335845322-1536x864.jpg 1536w, https:\/\/encontroamigosdoradio.com.br\/wp-content\/uploads\/2025\/10\/img-20251015-wa02146754122327335845322.jpg 1600w\" sizes=\"auto, (max-width: 1024px) 100vw, 1024px\" \/><\/figure>\n\n\n\n<figure class=\"wp-block-image size-large\"><img loading=\"lazy\" decoding=\"async\" width=\"576\" height=\"1024\" data-id=\"1318\" src=\"https:\/\/encontroamigosdoradio.com.br\/wp-content\/uploads\/2025\/10\/img-20251015-wa02193915520447372596240-576x1024.jpg\" alt=\"\" class=\"wp-image-1318\" srcset=\"https:\/\/encontroamigosdoradio.com.br\/wp-content\/uploads\/2025\/10\/img-20251015-wa02193915520447372596240-576x1024.jpg 576w, https:\/\/encontroamigosdoradio.com.br\/wp-content\/uploads\/2025\/10\/img-20251015-wa02193915520447372596240-169x300.jpg 169w, https:\/\/encontroamigosdoradio.com.br\/wp-content\/uploads\/2025\/10\/img-20251015-wa02193915520447372596240-768x1365.jpg 768w, https:\/\/encontroamigosdoradio.com.br\/wp-content\/uploads\/2025\/10\/img-20251015-wa02193915520447372596240-864x1536.jpg 864w, https:\/\/encontroamigosdoradio.com.br\/wp-content\/uploads\/2025\/10\/img-20251015-wa02193915520447372596240.jpg 900w\" sizes=\"auto, (max-width: 576px) 100vw, 576px\" \/><\/figure>\n\n\n\n<figure class=\"wp-block-image size-large\"><img loading=\"lazy\" decoding=\"async\" width=\"1024\" height=\"576\" data-id=\"1317\" src=\"https:\/\/encontroamigosdoradio.com.br\/wp-content\/uploads\/2025\/10\/img-20251015-wa02083728185700735855804-1024x576.jpg\" alt=\"\" class=\"wp-image-1317\" srcset=\"https:\/\/encontroamigosdoradio.com.br\/wp-content\/uploads\/2025\/10\/img-20251015-wa02083728185700735855804-1024x576.jpg 1024w, https:\/\/encontroamigosdoradio.com.br\/wp-content\/uploads\/2025\/10\/img-20251015-wa02083728185700735855804-300x169.jpg 300w, https:\/\/encontroamigosdoradio.com.br\/wp-content\/uploads\/2025\/10\/img-20251015-wa02083728185700735855804-768x432.jpg 768w, https:\/\/encontroamigosdoradio.com.br\/wp-content\/uploads\/2025\/10\/img-20251015-wa02083728185700735855804-1536x864.jpg 1536w, https:\/\/encontroamigosdoradio.com.br\/wp-content\/uploads\/2025\/10\/img-20251015-wa02083728185700735855804.jpg 1600w\" sizes=\"auto, (max-width: 1024px) 100vw, 1024px\" \/><\/figure>\n\n\n\n<figure class=\"wp-block-image size-large\"><img loading=\"lazy\" decoding=\"async\" width=\"576\" height=\"1024\" data-id=\"1319\" src=\"https:\/\/encontroamigosdoradio.com.br\/wp-content\/uploads\/2025\/10\/img-20251015-wa02128656205624632034926-576x1024.jpg\" alt=\"\" class=\"wp-image-1319\" srcset=\"https:\/\/encontroamigosdoradio.com.br\/wp-content\/uploads\/2025\/10\/img-20251015-wa02128656205624632034926-576x1024.jpg 576w, https:\/\/encontroamigosdoradio.com.br\/wp-content\/uploads\/2025\/10\/img-20251015-wa02128656205624632034926-169x300.jpg 169w, https:\/\/encontroamigosdoradio.com.br\/wp-content\/uploads\/2025\/10\/img-20251015-wa02128656205624632034926.jpg 720w\" sizes=\"auto, (max-width: 576px) 100vw, 576px\" \/><\/figure>\n\n\n\n<figure class=\"wp-block-image size-large\"><img loading=\"lazy\" decoding=\"async\" width=\"576\" height=\"1024\" data-id=\"1320\" src=\"https:\/\/encontroamigosdoradio.com.br\/wp-content\/uploads\/2025\/10\/img-20251015-wa02104732345985953202178-576x1024.jpg\" alt=\"\" class=\"wp-image-1320\" srcset=\"https:\/\/encontroamigosdoradio.com.br\/wp-content\/uploads\/2025\/10\/img-20251015-wa02104732345985953202178-576x1024.jpg 576w, https:\/\/encontroamigosdoradio.com.br\/wp-content\/uploads\/2025\/10\/img-20251015-wa02104732345985953202178-169x300.jpg 169w, https:\/\/encontroamigosdoradio.com.br\/wp-content\/uploads\/2025\/10\/img-20251015-wa02104732345985953202178-768x1365.jpg 768w, https:\/\/encontroamigosdoradio.com.br\/wp-content\/uploads\/2025\/10\/img-20251015-wa02104732345985953202178-864x1536.jpg 864w, https:\/\/encontroamigosdoradio.com.br\/wp-content\/uploads\/2025\/10\/img-20251015-wa02104732345985953202178.jpg 900w\" sizes=\"auto, (max-width: 576px) 100vw, 576px\" \/><\/figure>\n\n\n\n<figure class=\"wp-block-image size-large\"><img loading=\"lazy\" decoding=\"async\" width=\"576\" height=\"1024\" data-id=\"1321\" src=\"https:\/\/encontroamigosdoradio.com.br\/wp-content\/uploads\/2025\/10\/img-20251015-wa02092949891033131579644-576x1024.jpg\" alt=\"\" class=\"wp-image-1321\" srcset=\"https:\/\/encontroamigosdoradio.com.br\/wp-content\/uploads\/2025\/10\/img-20251015-wa02092949891033131579644-576x1024.jpg 576w, https:\/\/encontroamigosdoradio.com.br\/wp-content\/uploads\/2025\/10\/img-20251015-wa02092949891033131579644-169x300.jpg 169w, https:\/\/encontroamigosdoradio.com.br\/wp-content\/uploads\/2025\/10\/img-20251015-wa02092949891033131579644-768x1365.jpg 768w, https:\/\/encontroamigosdoradio.com.br\/wp-content\/uploads\/2025\/10\/img-20251015-wa02092949891033131579644-864x1536.jpg 864w, https:\/\/encontroamigosdoradio.com.br\/wp-content\/uploads\/2025\/10\/img-20251015-wa02092949891033131579644.jpg 900w\" sizes=\"auto, (max-width: 576px) 100vw, 576px\" \/><\/figure>\n\n\n\n<figure class=\"wp-block-image size-large\"><img loading=\"lazy\" decoding=\"async\" width=\"576\" height=\"1024\" data-id=\"1322\" src=\"https:\/\/encontroamigosdoradio.com.br\/wp-content\/uploads\/2025\/10\/img-20251015-wa02067052364013814298858-576x1024.jpg\" alt=\"\" class=\"wp-image-1322\" srcset=\"https:\/\/encontroamigosdoradio.com.br\/wp-content\/uploads\/2025\/10\/img-20251015-wa02067052364013814298858-576x1024.jpg 576w, https:\/\/encontroamigosdoradio.com.br\/wp-content\/uploads\/2025\/10\/img-20251015-wa02067052364013814298858-169x300.jpg 169w, https:\/\/encontroamigosdoradio.com.br\/wp-content\/uploads\/2025\/10\/img-20251015-wa02067052364013814298858-768x1365.jpg 768w, https:\/\/encontroamigosdoradio.com.br\/wp-content\/uploads\/2025\/10\/img-20251015-wa02067052364013814298858-864x1536.jpg 864w, https:\/\/encontroamigosdoradio.com.br\/wp-content\/uploads\/2025\/10\/img-20251015-wa02067052364013814298858.jpg 900w\" sizes=\"auto, (max-width: 576px) 100vw, 576px\" \/><\/figure>\n\n\n\n<figure class=\"wp-block-image size-large\"><img loading=\"lazy\" decoding=\"async\" width=\"576\" height=\"1024\" data-id=\"1323\" src=\"https:\/\/encontroamigosdoradio.com.br\/wp-content\/uploads\/2025\/10\/img-20251015-wa02071161360205399824287-576x1024.jpg\" alt=\"\" class=\"wp-image-1323\" srcset=\"https:\/\/encontroamigosdoradio.com.br\/wp-content\/uploads\/2025\/10\/img-20251015-wa02071161360205399824287-576x1024.jpg 576w, https:\/\/encontroamigosdoradio.com.br\/wp-content\/uploads\/2025\/10\/img-20251015-wa02071161360205399824287-169x300.jpg 169w, https:\/\/encontroamigosdoradio.com.br\/wp-content\/uploads\/2025\/10\/img-20251015-wa02071161360205399824287-768x1365.jpg 768w, https:\/\/encontroamigosdoradio.com.br\/wp-content\/uploads\/2025\/10\/img-20251015-wa02071161360205399824287-864x1536.jpg 864w, https:\/\/encontroamigosdoradio.com.br\/wp-content\/uploads\/2025\/10\/img-20251015-wa02071161360205399824287.jpg 900w\" sizes=\"auto, (max-width: 576px) 100vw, 576px\" \/><\/figure>\n\n\n\n<figure class=\"wp-block-image size-large\"><img loading=\"lazy\" decoding=\"async\" width=\"1024\" height=\"576\" data-id=\"1324\" src=\"https:\/\/encontroamigosdoradio.com.br\/wp-content\/uploads\/2025\/10\/img-20251015-wa02031419155276585140803-1024x576.jpg\" alt=\"\" class=\"wp-image-1324\" srcset=\"https:\/\/encontroamigosdoradio.com.br\/wp-content\/uploads\/2025\/10\/img-20251015-wa02031419155276585140803-1024x576.jpg 1024w, https:\/\/encontroamigosdoradio.com.br\/wp-content\/uploads\/2025\/10\/img-20251015-wa02031419155276585140803-300x169.jpg 300w, https:\/\/encontroamigosdoradio.com.br\/wp-content\/uploads\/2025\/10\/img-20251015-wa02031419155276585140803-768x432.jpg 768w, https:\/\/encontroamigosdoradio.com.br\/wp-content\/uploads\/2025\/10\/img-20251015-wa02031419155276585140803-1536x864.jpg 1536w, https:\/\/encontroamigosdoradio.com.br\/wp-content\/uploads\/2025\/10\/img-20251015-wa02031419155276585140803.jpg 1600w\" sizes=\"auto, (max-width: 1024px) 100vw, 1024px\" \/><\/figure>\n\n\n\n<figure class=\"wp-block-image size-large\"><img loading=\"lazy\" decoding=\"async\" width=\"1024\" height=\"576\" data-id=\"1325\" src=\"https:\/\/encontroamigosdoradio.com.br\/wp-content\/uploads\/2025\/10\/img-20251015-wa02045864706930359759745-1024x576.jpg\" alt=\"\" class=\"wp-image-1325\" srcset=\"https:\/\/encontroamigosdoradio.com.br\/wp-content\/uploads\/2025\/10\/img-20251015-wa02045864706930359759745-1024x576.jpg 1024w, https:\/\/encontroamigosdoradio.com.br\/wp-content\/uploads\/2025\/10\/img-20251015-wa02045864706930359759745-300x169.jpg 300w, https:\/\/encontroamigosdoradio.com.br\/wp-content\/uploads\/2025\/10\/img-20251015-wa02045864706930359759745-768x432.jpg 768w, https:\/\/encontroamigosdoradio.com.br\/wp-content\/uploads\/2025\/10\/img-20251015-wa02045864706930359759745-1536x864.jpg 1536w, https:\/\/encontroamigosdoradio.com.br\/wp-content\/uploads\/2025\/10\/img-20251015-wa02045864706930359759745.jpg 1600w\" sizes=\"auto, (max-width: 1024px) 100vw, 1024px\" \/><\/figure>\n\n\n\n<figure class=\"wp-block-image size-large\"><img loading=\"lazy\" decoding=\"async\" width=\"1024\" height=\"576\" data-id=\"1326\" src=\"https:\/\/encontroamigosdoradio.com.br\/wp-content\/uploads\/2025\/10\/img-20251015-wa02052491675693871892395-1024x576.jpg\" alt=\"\" class=\"wp-image-1326\" srcset=\"https:\/\/encontroamigosdoradio.com.br\/wp-content\/uploads\/2025\/10\/img-20251015-wa02052491675693871892395-1024x576.jpg 1024w, https:\/\/encontroamigosdoradio.com.br\/wp-content\/uploads\/2025\/10\/img-20251015-wa02052491675693871892395-300x169.jpg 300w, https:\/\/encontroamigosdoradio.com.br\/wp-content\/uploads\/2025\/10\/img-20251015-wa02052491675693871892395-768x432.jpg 768w, https:\/\/encontroamigosdoradio.com.br\/wp-content\/uploads\/2025\/10\/img-20251015-wa02052491675693871892395-1536x864.jpg 1536w, https:\/\/encontroamigosdoradio.com.br\/wp-content\/uploads\/2025\/10\/img-20251015-wa02052491675693871892395.jpg 1600w\" sizes=\"auto, (max-width: 1024px) 100vw, 1024px\" \/><\/figure>\n\n\n\n<figure class=\"wp-block-image size-large\"><img loading=\"lazy\" decoding=\"async\" width=\"576\" height=\"1024\" data-id=\"1328\" src=\"https:\/\/encontroamigosdoradio.com.br\/wp-content\/uploads\/2025\/10\/img-20251015-wa02025967880800979784242-576x1024.jpg\" alt=\"\" class=\"wp-image-1328\" srcset=\"https:\/\/encontroamigosdoradio.com.br\/wp-content\/uploads\/2025\/10\/img-20251015-wa02025967880800979784242-576x1024.jpg 576w, https:\/\/encontroamigosdoradio.com.br\/wp-content\/uploads\/2025\/10\/img-20251015-wa02025967880800979784242-169x300.jpg 169w, https:\/\/encontroamigosdoradio.com.br\/wp-content\/uploads\/2025\/10\/img-20251015-wa02025967880800979784242-768x1365.jpg 768w, https:\/\/encontroamigosdoradio.com.br\/wp-content\/uploads\/2025\/10\/img-20251015-wa02025967880800979784242-864x1536.jpg 864w, https:\/\/encontroamigosdoradio.com.br\/wp-content\/uploads\/2025\/10\/img-20251015-wa02025967880800979784242.jpg 900w\" sizes=\"auto, (max-width: 576px) 100vw, 576px\" \/><\/figure>\n\n\n\n<figure class=\"wp-block-image size-large\"><img loading=\"lazy\" decoding=\"async\" width=\"576\" height=\"1024\" data-id=\"1348\" src=\"https:\/\/encontroamigosdoradio.com.br\/wp-content\/uploads\/2025\/10\/img-20251015-wa01495895418125625744799-576x1024.jpg\" alt=\"\" class=\"wp-image-1348\" srcset=\"https:\/\/encontroamigosdoradio.com.br\/wp-content\/uploads\/2025\/10\/img-20251015-wa01495895418125625744799-576x1024.jpg 576w, https:\/\/encontroamigosdoradio.com.br\/wp-content\/uploads\/2025\/10\/img-20251015-wa01495895418125625744799-169x300.jpg 169w, https:\/\/encontroamigosdoradio.com.br\/wp-content\/uploads\/2025\/10\/img-20251015-wa01495895418125625744799-768x1365.jpg 768w, https:\/\/encontroamigosdoradio.com.br\/wp-content\/uploads\/2025\/10\/img-20251015-wa01495895418125625744799-864x1536.jpg 864w, https:\/\/encontroamigosdoradio.com.br\/wp-content\/uploads\/2025\/10\/img-20251015-wa01495895418125625744799.jpg 900w\" sizes=\"auto, (max-width: 576px) 100vw, 576px\" \/><\/figure>\n\n\n\n<figure class=\"wp-block-image size-large\"><img loading=\"lazy\" decoding=\"async\" width=\"1024\" height=\"576\" data-id=\"1327\" src=\"https:\/\/encontroamigosdoradio.com.br\/wp-content\/uploads\/2025\/10\/img-20251015-wa02015140544757900570087-1024x576.jpg\" alt=\"\" class=\"wp-image-1327\" srcset=\"https:\/\/encontroamigosdoradio.com.br\/wp-content\/uploads\/2025\/10\/img-20251015-wa02015140544757900570087-1024x576.jpg 1024w, https:\/\/encontroamigosdoradio.com.br\/wp-content\/uploads\/2025\/10\/img-20251015-wa02015140544757900570087-300x169.jpg 300w, https:\/\/encontroamigosdoradio.com.br\/wp-content\/uploads\/2025\/10\/img-20251015-wa02015140544757900570087-768x432.jpg 768w, https:\/\/encontroamigosdoradio.com.br\/wp-content\/uploads\/2025\/10\/img-20251015-wa02015140544757900570087-1536x864.jpg 1536w, https:\/\/encontroamigosdoradio.com.br\/wp-content\/uploads\/2025\/10\/img-20251015-wa02015140544757900570087.jpg 1600w\" sizes=\"auto, (max-width: 1024px) 100vw, 1024px\" \/><\/figure>\n\n\n\n<figure class=\"wp-block-image size-large\"><img loading=\"lazy\" decoding=\"async\" width=\"576\" height=\"1024\" data-id=\"1329\" src=\"https:\/\/encontroamigosdoradio.com.br\/wp-content\/uploads\/2025\/10\/img-20251015-wa0200627061747183179431-576x1024.jpg\" alt=\"\" class=\"wp-image-1329\" srcset=\"https:\/\/encontroamigosdoradio.com.br\/wp-content\/uploads\/2025\/10\/img-20251015-wa0200627061747183179431-576x1024.jpg 576w, https:\/\/encontroamigosdoradio.com.br\/wp-content\/uploads\/2025\/10\/img-20251015-wa0200627061747183179431-169x300.jpg 169w, https:\/\/encontroamigosdoradio.com.br\/wp-content\/uploads\/2025\/10\/img-20251015-wa0200627061747183179431-768x1365.jpg 768w, https:\/\/encontroamigosdoradio.com.br\/wp-content\/uploads\/2025\/10\/img-20251015-wa0200627061747183179431-864x1536.jpg 864w, https:\/\/encontroamigosdoradio.com.br\/wp-content\/uploads\/2025\/10\/img-20251015-wa0200627061747183179431.jpg 900w\" sizes=\"auto, (max-width: 576px) 100vw, 576px\" \/><\/figure>\n\n\n\n<figure class=\"wp-block-image size-large\"><img loading=\"lazy\" decoding=\"async\" width=\"576\" height=\"1024\" data-id=\"1330\" src=\"https:\/\/encontroamigosdoradio.com.br\/wp-content\/uploads\/2025\/10\/img-20251015-wa01973929689946998370106-576x1024.jpg\" alt=\"\" class=\"wp-image-1330\" srcset=\"https:\/\/encontroamigosdoradio.com.br\/wp-content\/uploads\/2025\/10\/img-20251015-wa01973929689946998370106-576x1024.jpg 576w, https:\/\/encontroamigosdoradio.com.br\/wp-content\/uploads\/2025\/10\/img-20251015-wa01973929689946998370106-169x300.jpg 169w, https:\/\/encontroamigosdoradio.com.br\/wp-content\/uploads\/2025\/10\/img-20251015-wa01973929689946998370106-768x1365.jpg 768w, https:\/\/encontroamigosdoradio.com.br\/wp-content\/uploads\/2025\/10\/img-20251015-wa01973929689946998370106-864x1536.jpg 864w, https:\/\/encontroamigosdoradio.com.br\/wp-content\/uploads\/2025\/10\/img-20251015-wa01973929689946998370106.jpg 900w\" sizes=\"auto, (max-width: 576px) 100vw, 576px\" \/><\/figure>\n\n\n\n<figure class=\"wp-block-image size-large\"><img loading=\"lazy\" decoding=\"async\" width=\"576\" height=\"1024\" data-id=\"1331\" src=\"https:\/\/encontroamigosdoradio.com.br\/wp-content\/uploads\/2025\/10\/img-20251015-wa01998644642028949866795-576x1024.jpg\" alt=\"\" class=\"wp-image-1331\" srcset=\"https:\/\/encontroamigosdoradio.com.br\/wp-content\/uploads\/2025\/10\/img-20251015-wa01998644642028949866795-576x1024.jpg 576w, https:\/\/encontroamigosdoradio.com.br\/wp-content\/uploads\/2025\/10\/img-20251015-wa01998644642028949866795-169x300.jpg 169w, https:\/\/encontroamigosdoradio.com.br\/wp-content\/uploads\/2025\/10\/img-20251015-wa01998644642028949866795-768x1365.jpg 768w, https:\/\/encontroamigosdoradio.com.br\/wp-content\/uploads\/2025\/10\/img-20251015-wa01998644642028949866795-864x1536.jpg 864w, https:\/\/encontroamigosdoradio.com.br\/wp-content\/uploads\/2025\/10\/img-20251015-wa01998644642028949866795.jpg 900w\" sizes=\"auto, (max-width: 576px) 100vw, 576px\" \/><\/figure>\n\n\n\n<figure class=\"wp-block-image size-large\"><img loading=\"lazy\" decoding=\"async\" width=\"576\" height=\"1024\" data-id=\"1332\" src=\"https:\/\/encontroamigosdoradio.com.br\/wp-content\/uploads\/2025\/10\/img-20251015-wa01987052567848547479498-576x1024.jpg\" alt=\"\" class=\"wp-image-1332\" srcset=\"https:\/\/encontroamigosdoradio.com.br\/wp-content\/uploads\/2025\/10\/img-20251015-wa01987052567848547479498-576x1024.jpg 576w, https:\/\/encontroamigosdoradio.com.br\/wp-content\/uploads\/2025\/10\/img-20251015-wa01987052567848547479498-169x300.jpg 169w, https:\/\/encontroamigosdoradio.com.br\/wp-content\/uploads\/2025\/10\/img-20251015-wa01987052567848547479498-768x1365.jpg 768w, https:\/\/encontroamigosdoradio.com.br\/wp-content\/uploads\/2025\/10\/img-20251015-wa01987052567848547479498-864x1536.jpg 864w, https:\/\/encontroamigosdoradio.com.br\/wp-content\/uploads\/2025\/10\/img-20251015-wa01987052567848547479498.jpg 900w\" sizes=\"auto, (max-width: 576px) 100vw, 576px\" \/><\/figure>\n\n\n\n<figure class=\"wp-block-image size-large\"><img loading=\"lazy\" decoding=\"async\" width=\"576\" height=\"1024\" data-id=\"1333\" src=\"https:\/\/encontroamigosdoradio.com.br\/wp-content\/uploads\/2025\/10\/img-20251015-wa01941794932046946235050-576x1024.jpg\" alt=\"\" class=\"wp-image-1333\" srcset=\"https:\/\/encontroamigosdoradio.com.br\/wp-content\/uploads\/2025\/10\/img-20251015-wa01941794932046946235050-576x1024.jpg 576w, https:\/\/encontroamigosdoradio.com.br\/wp-content\/uploads\/2025\/10\/img-20251015-wa01941794932046946235050-169x300.jpg 169w, https:\/\/encontroamigosdoradio.com.br\/wp-content\/uploads\/2025\/10\/img-20251015-wa01941794932046946235050-768x1365.jpg 768w, https:\/\/encontroamigosdoradio.com.br\/wp-content\/uploads\/2025\/10\/img-20251015-wa01941794932046946235050-864x1536.jpg 864w, https:\/\/encontroamigosdoradio.com.br\/wp-content\/uploads\/2025\/10\/img-20251015-wa01941794932046946235050.jpg 900w\" sizes=\"auto, (max-width: 576px) 100vw, 576px\" \/><\/figure>\n\n\n\n<figure class=\"wp-block-image size-large\"><img loading=\"lazy\" decoding=\"async\" width=\"576\" height=\"1024\" data-id=\"1334\" src=\"https:\/\/encontroamigosdoradio.com.br\/wp-content\/uploads\/2025\/10\/img-20251015-wa01953240576133433692479-576x1024.jpg\" alt=\"\" class=\"wp-image-1334\" srcset=\"https:\/\/encontroamigosdoradio.com.br\/wp-content\/uploads\/2025\/10\/img-20251015-wa01953240576133433692479-576x1024.jpg 576w, https:\/\/encontroamigosdoradio.com.br\/wp-content\/uploads\/2025\/10\/img-20251015-wa01953240576133433692479-169x300.jpg 169w, https:\/\/encontroamigosdoradio.com.br\/wp-content\/uploads\/2025\/10\/img-20251015-wa01953240576133433692479-768x1365.jpg 768w, https:\/\/encontroamigosdoradio.com.br\/wp-content\/uploads\/2025\/10\/img-20251015-wa01953240576133433692479-864x1536.jpg 864w, https:\/\/encontroamigosdoradio.com.br\/wp-content\/uploads\/2025\/10\/img-20251015-wa01953240576133433692479.jpg 900w\" sizes=\"auto, (max-width: 576px) 100vw, 576px\" \/><\/figure>\n\n\n\n<figure class=\"wp-block-image size-large\"><img loading=\"lazy\" decoding=\"async\" width=\"576\" height=\"1024\" data-id=\"1335\" src=\"https:\/\/encontroamigosdoradio.com.br\/wp-content\/uploads\/2025\/10\/img-20251015-wa01936959180874656187463-576x1024.jpg\" alt=\"\" class=\"wp-image-1335\" srcset=\"https:\/\/encontroamigosdoradio.com.br\/wp-content\/uploads\/2025\/10\/img-20251015-wa01936959180874656187463-576x1024.jpg 576w, https:\/\/encontroamigosdoradio.com.br\/wp-content\/uploads\/2025\/10\/img-20251015-wa01936959180874656187463-169x300.jpg 169w, https:\/\/encontroamigosdoradio.com.br\/wp-content\/uploads\/2025\/10\/img-20251015-wa01936959180874656187463-768x1365.jpg 768w, https:\/\/encontroamigosdoradio.com.br\/wp-content\/uploads\/2025\/10\/img-20251015-wa01936959180874656187463-864x1536.jpg 864w, https:\/\/encontroamigosdoradio.com.br\/wp-content\/uploads\/2025\/10\/img-20251015-wa01936959180874656187463.jpg 900w\" sizes=\"auto, (max-width: 576px) 100vw, 576px\" \/><\/figure>\n\n\n\n<figure class=\"wp-block-image size-large\"><img loading=\"lazy\" decoding=\"async\" width=\"576\" height=\"1024\" data-id=\"1337\" src=\"https:\/\/encontroamigosdoradio.com.br\/wp-content\/uploads\/2025\/10\/img-20251015-wa01901795114062794203401-576x1024.jpg\" alt=\"\" class=\"wp-image-1337\" srcset=\"https:\/\/encontroamigosdoradio.com.br\/wp-content\/uploads\/2025\/10\/img-20251015-wa01901795114062794203401-576x1024.jpg 576w, https:\/\/encontroamigosdoradio.com.br\/wp-content\/uploads\/2025\/10\/img-20251015-wa01901795114062794203401-169x300.jpg 169w, https:\/\/encontroamigosdoradio.com.br\/wp-content\/uploads\/2025\/10\/img-20251015-wa01901795114062794203401-768x1365.jpg 768w, https:\/\/encontroamigosdoradio.com.br\/wp-content\/uploads\/2025\/10\/img-20251015-wa01901795114062794203401-864x1536.jpg 864w, https:\/\/encontroamigosdoradio.com.br\/wp-content\/uploads\/2025\/10\/img-20251015-wa01901795114062794203401.jpg 900w\" sizes=\"auto, (max-width: 576px) 100vw, 576px\" \/><\/figure>\n\n\n\n<figure class=\"wp-block-image size-large\"><img loading=\"lazy\" decoding=\"async\" width=\"1024\" height=\"576\" data-id=\"1336\" src=\"https:\/\/encontroamigosdoradio.com.br\/wp-content\/uploads\/2025\/10\/img-20251015-wa01923824987091324732753-1024x576.jpg\" alt=\"\" class=\"wp-image-1336\" srcset=\"https:\/\/encontroamigosdoradio.com.br\/wp-content\/uploads\/2025\/10\/img-20251015-wa01923824987091324732753-1024x576.jpg 1024w, https:\/\/encontroamigosdoradio.com.br\/wp-content\/uploads\/2025\/10\/img-20251015-wa01923824987091324732753-300x169.jpg 300w, https:\/\/encontroamigosdoradio.com.br\/wp-content\/uploads\/2025\/10\/img-20251015-wa01923824987091324732753-768x432.jpg 768w, https:\/\/encontroamigosdoradio.com.br\/wp-content\/uploads\/2025\/10\/img-20251015-wa01923824987091324732753-1536x864.jpg 1536w, https:\/\/encontroamigosdoradio.com.br\/wp-content\/uploads\/2025\/10\/img-20251015-wa01923824987091324732753.jpg 1600w\" sizes=\"auto, (max-width: 1024px) 100vw, 1024px\" \/><\/figure>\n\n\n\n<figure class=\"wp-block-image size-large\"><img loading=\"lazy\" decoding=\"async\" width=\"576\" height=\"1024\" data-id=\"1346\" src=\"https:\/\/encontroamigosdoradio.com.br\/wp-content\/uploads\/2025\/10\/img-20251015-wa01511706233848065340002-576x1024.jpg\" alt=\"\" class=\"wp-image-1346\" srcset=\"https:\/\/encontroamigosdoradio.com.br\/wp-content\/uploads\/2025\/10\/img-20251015-wa01511706233848065340002-576x1024.jpg 576w, https:\/\/encontroamigosdoradio.com.br\/wp-content\/uploads\/2025\/10\/img-20251015-wa01511706233848065340002-169x300.jpg 169w, https:\/\/encontroamigosdoradio.com.br\/wp-content\/uploads\/2025\/10\/img-20251015-wa01511706233848065340002-768x1365.jpg 768w, https:\/\/encontroamigosdoradio.com.br\/wp-content\/uploads\/2025\/10\/img-20251015-wa01511706233848065340002-864x1536.jpg 864w, https:\/\/encontroamigosdoradio.com.br\/wp-content\/uploads\/2025\/10\/img-20251015-wa01511706233848065340002.jpg 900w\" sizes=\"auto, (max-width: 576px) 100vw, 576px\" \/><\/figure>\n\n\n\n<figure class=\"wp-block-image size-large\"><img loading=\"lazy\" decoding=\"async\" width=\"1024\" height=\"576\" data-id=\"1338\" src=\"https:\/\/encontroamigosdoradio.com.br\/wp-content\/uploads\/2025\/10\/img-20251015-wa01918259499252844624517-1024x576.jpg\" alt=\"\" class=\"wp-image-1338\" srcset=\"https:\/\/encontroamigosdoradio.com.br\/wp-content\/uploads\/2025\/10\/img-20251015-wa01918259499252844624517-1024x576.jpg 1024w, https:\/\/encontroamigosdoradio.com.br\/wp-content\/uploads\/2025\/10\/img-20251015-wa01918259499252844624517-300x169.jpg 300w, https:\/\/encontroamigosdoradio.com.br\/wp-content\/uploads\/2025\/10\/img-20251015-wa01918259499252844624517-768x432.jpg 768w, https:\/\/encontroamigosdoradio.com.br\/wp-content\/uploads\/2025\/10\/img-20251015-wa01918259499252844624517-1536x864.jpg 1536w, https:\/\/encontroamigosdoradio.com.br\/wp-content\/uploads\/2025\/10\/img-20251015-wa01918259499252844624517.jpg 1600w\" sizes=\"auto, (max-width: 1024px) 100vw, 1024px\" \/><\/figure>\n\n\n\n<figure class=\"wp-block-image size-large\"><img loading=\"lazy\" decoding=\"async\" width=\"1024\" height=\"576\" data-id=\"1339\" src=\"https:\/\/encontroamigosdoradio.com.br\/wp-content\/uploads\/2025\/10\/img-20251015-wa018729674991502815069-1024x576.jpg\" alt=\"\" class=\"wp-image-1339\" srcset=\"https:\/\/encontroamigosdoradio.com.br\/wp-content\/uploads\/2025\/10\/img-20251015-wa018729674991502815069-1024x576.jpg 1024w, https:\/\/encontroamigosdoradio.com.br\/wp-content\/uploads\/2025\/10\/img-20251015-wa018729674991502815069-300x169.jpg 300w, https:\/\/encontroamigosdoradio.com.br\/wp-content\/uploads\/2025\/10\/img-20251015-wa018729674991502815069-768x432.jpg 768w, https:\/\/encontroamigosdoradio.com.br\/wp-content\/uploads\/2025\/10\/img-20251015-wa018729674991502815069-1536x864.jpg 1536w, https:\/\/encontroamigosdoradio.com.br\/wp-content\/uploads\/2025\/10\/img-20251015-wa018729674991502815069.jpg 1600w\" sizes=\"auto, (max-width: 1024px) 100vw, 1024px\" \/><\/figure>\n\n\n\n<figure class=\"wp-block-image size-large\"><img loading=\"lazy\" decoding=\"async\" width=\"576\" height=\"1024\" data-id=\"1341\" src=\"https:\/\/encontroamigosdoradio.com.br\/wp-content\/uploads\/2025\/10\/img-20251015-wa0189899433897643979832-576x1024.jpg\" alt=\"\" class=\"wp-image-1341\" srcset=\"https:\/\/encontroamigosdoradio.com.br\/wp-content\/uploads\/2025\/10\/img-20251015-wa0189899433897643979832-576x1024.jpg 576w, https:\/\/encontroamigosdoradio.com.br\/wp-content\/uploads\/2025\/10\/img-20251015-wa0189899433897643979832-169x300.jpg 169w, https:\/\/encontroamigosdoradio.com.br\/wp-content\/uploads\/2025\/10\/img-20251015-wa0189899433897643979832-768x1365.jpg 768w, https:\/\/encontroamigosdoradio.com.br\/wp-content\/uploads\/2025\/10\/img-20251015-wa0189899433897643979832-864x1536.jpg 864w, https:\/\/encontroamigosdoradio.com.br\/wp-content\/uploads\/2025\/10\/img-20251015-wa0189899433897643979832.jpg 900w\" sizes=\"auto, (max-width: 576px) 100vw, 576px\" \/><\/figure>\n\n\n\n<figure class=\"wp-block-image size-large\"><img loading=\"lazy\" decoding=\"async\" width=\"576\" height=\"1024\" data-id=\"1342\" src=\"https:\/\/encontroamigosdoradio.com.br\/wp-content\/uploads\/2025\/10\/img-20251015-wa01887904792705679827548-576x1024.jpg\" alt=\"\" class=\"wp-image-1342\" srcset=\"https:\/\/encontroamigosdoradio.com.br\/wp-content\/uploads\/2025\/10\/img-20251015-wa01887904792705679827548-576x1024.jpg 576w, https:\/\/encontroamigosdoradio.com.br\/wp-content\/uploads\/2025\/10\/img-20251015-wa01887904792705679827548-169x300.jpg 169w, https:\/\/encontroamigosdoradio.com.br\/wp-content\/uploads\/2025\/10\/img-20251015-wa01887904792705679827548-768x1365.jpg 768w, https:\/\/encontroamigosdoradio.com.br\/wp-content\/uploads\/2025\/10\/img-20251015-wa01887904792705679827548-864x1536.jpg 864w, https:\/\/encontroamigosdoradio.com.br\/wp-content\/uploads\/2025\/10\/img-20251015-wa01887904792705679827548.jpg 900w\" sizes=\"auto, (max-width: 576px) 100vw, 576px\" \/><\/figure>\n\n\n\n<figure class=\"wp-block-image size-large\"><img loading=\"lazy\" decoding=\"async\" width=\"576\" height=\"1024\" data-id=\"1340\" src=\"https:\/\/encontroamigosdoradio.com.br\/wp-content\/uploads\/2025\/10\/img-20251015-wa01527485166031846289070-576x1024.jpg\" alt=\"\" class=\"wp-image-1340\" srcset=\"https:\/\/encontroamigosdoradio.com.br\/wp-content\/uploads\/2025\/10\/img-20251015-wa01527485166031846289070-576x1024.jpg 576w, https:\/\/encontroamigosdoradio.com.br\/wp-content\/uploads\/2025\/10\/img-20251015-wa01527485166031846289070-169x300.jpg 169w, https:\/\/encontroamigosdoradio.com.br\/wp-content\/uploads\/2025\/10\/img-20251015-wa01527485166031846289070-768x1365.jpg 768w, https:\/\/encontroamigosdoradio.com.br\/wp-content\/uploads\/2025\/10\/img-20251015-wa01527485166031846289070-864x1536.jpg 864w, https:\/\/encontroamigosdoradio.com.br\/wp-content\/uploads\/2025\/10\/img-20251015-wa01527485166031846289070.jpg 900w\" sizes=\"auto, (max-width: 576px) 100vw, 576px\" \/><\/figure>\n\n\n\n<figure class=\"wp-block-image size-large\"><img loading=\"lazy\" decoding=\"async\" width=\"1024\" height=\"576\" data-id=\"1343\" src=\"https:\/\/encontroamigosdoradio.com.br\/wp-content\/uploads\/2025\/10\/img-20251015-wa0150991978810675303301-1024x576.jpg\" alt=\"\" class=\"wp-image-1343\" srcset=\"https:\/\/encontroamigosdoradio.com.br\/wp-content\/uploads\/2025\/10\/img-20251015-wa0150991978810675303301-1024x576.jpg 1024w, https:\/\/encontroamigosdoradio.com.br\/wp-content\/uploads\/2025\/10\/img-20251015-wa0150991978810675303301-300x169.jpg 300w, https:\/\/encontroamigosdoradio.com.br\/wp-content\/uploads\/2025\/10\/img-20251015-wa0150991978810675303301-768x432.jpg 768w, https:\/\/encontroamigosdoradio.com.br\/wp-content\/uploads\/2025\/10\/img-20251015-wa0150991978810675303301-1536x864.jpg 1536w, https:\/\/encontroamigosdoradio.com.br\/wp-content\/uploads\/2025\/10\/img-20251015-wa0150991978810675303301.jpg 1600w\" sizes=\"auto, (max-width: 1024px) 100vw, 1024px\" \/><\/figure>\n\n\n\n<figure class=\"wp-block-image size-large\"><img loading=\"lazy\" decoding=\"async\" width=\"576\" height=\"1024\" data-id=\"1344\" src=\"https:\/\/encontroamigosdoradio.com.br\/wp-content\/uploads\/2025\/10\/img-20251015-wa01479183198329816712065-576x1024.jpg\" alt=\"\" class=\"wp-image-1344\" srcset=\"https:\/\/encontroamigosdoradio.com.br\/wp-content\/uploads\/2025\/10\/img-20251015-wa01479183198329816712065-576x1024.jpg 576w, https:\/\/encontroamigosdoradio.com.br\/wp-content\/uploads\/2025\/10\/img-20251015-wa01479183198329816712065-169x300.jpg 169w, https:\/\/encontroamigosdoradio.com.br\/wp-content\/uploads\/2025\/10\/img-20251015-wa01479183198329816712065.jpg 720w\" sizes=\"auto, (max-width: 576px) 100vw, 576px\" \/><\/figure>\n\n\n\n<figure class=\"wp-block-image size-large\"><img loading=\"lazy\" decoding=\"async\" width=\"1024\" height=\"576\" data-id=\"1345\" src=\"https:\/\/encontroamigosdoradio.com.br\/wp-content\/uploads\/2025\/10\/img-20251015-wa01484558499718542719377-1024x576.jpg\" alt=\"\" class=\"wp-image-1345\" srcset=\"https:\/\/encontroamigosdoradio.com.br\/wp-content\/uploads\/2025\/10\/img-20251015-wa01484558499718542719377-1024x576.jpg 1024w, https:\/\/encontroamigosdoradio.com.br\/wp-content\/uploads\/2025\/10\/img-20251015-wa01484558499718542719377-300x169.jpg 300w, https:\/\/encontroamigosdoradio.com.br\/wp-content\/uploads\/2025\/10\/img-20251015-wa01484558499718542719377-768x432.jpg 768w, https:\/\/encontroamigosdoradio.com.br\/wp-content\/uploads\/2025\/10\/img-20251015-wa01484558499718542719377-1536x864.jpg 1536w, https:\/\/encontroamigosdoradio.com.br\/wp-content\/uploads\/2025\/10\/img-20251015-wa01484558499718542719377.jpg 1600w\" sizes=\"auto, (max-width: 1024px) 100vw, 1024px\" \/><\/figure>\n\n\n\n<figure class=\"wp-block-image size-large\"><img loading=\"lazy\" decoding=\"async\" width=\"1024\" height=\"576\" data-id=\"1347\" src=\"https:\/\/encontroamigosdoradio.com.br\/wp-content\/uploads\/2025\/10\/img-20251015-wa01463701691500728602674-1024x576.jpg\" alt=\"\" class=\"wp-image-1347\" srcset=\"https:\/\/encontroamigosdoradio.com.br\/wp-content\/uploads\/2025\/10\/img-20251015-wa01463701691500728602674-1024x576.jpg 1024w, https:\/\/encontroamigosdoradio.com.br\/wp-content\/uploads\/2025\/10\/img-20251015-wa01463701691500728602674-300x169.jpg 300w, https:\/\/encontroamigosdoradio.com.br\/wp-content\/uploads\/2025\/10\/img-20251015-wa01463701691500728602674-768x432.jpg 768w, https:\/\/encontroamigosdoradio.com.br\/wp-content\/uploads\/2025\/10\/img-20251015-wa01463701691500728602674-1536x864.jpg 1536w, https:\/\/encontroamigosdoradio.com.br\/wp-content\/uploads\/2025\/10\/img-20251015-wa01463701691500728602674.jpg 1600w\" sizes=\"auto, (max-width: 1024px) 100vw, 1024px\" \/><\/figure>\n<\/figure>\n","protected":false},"excerpt":{"rendered":"<p>A LABRE DF esteve, neste \u00faltimo domingo, 12 de outubro, participando do 5\u00ba Encontro de Radioamadores de Artur Nogueira \u2013 S\u00e3o Paulo, sem d\u00favida um dos maiores encontros de radioamadores do interior paulista, organizado pelo grande Rubens Zolotujin (PY2VE). O evento reuniu mais de mil radioamadores e foi uma excelente oportunidade para reencontrar amigos de [&hellip;]<\/p>\n","protected":false},"author":1,"featured_media":1349,"comment_status":"open","ping_status":"open","sticky":false,"template":"","format":"standard","meta":{"footnotes":""},"categories":[140,4],"tags":[257,8,127,256,255],"class_list":["post-1350","post","type-post","status-publish","format-standard","has-post-thumbnail","hentry","category-140","category-novidade","tag-df","tag-encontro","tag-labre","tag-labre-df","tag-labredf"],"yoast_head":"<!-- This site is optimized with the Yoast SEO plugin v27.5 - https:\/\/yoast.com\/product\/yoast-seo-wordpress\/ -->\n<title>Comunicado LABRE DF que esteve presente no 5\u00b0 Encontro - 6\u00ba Encontro Amigos do R\u00e1dio 10-11\/10\/2026<\/title>\n<meta name=\"robots\" content=\"index, follow, max-snippet:-1, max-image-preview:large, max-video-preview:-1\" \/>\n<link rel=\"canonical\" href=\"https:\/\/encontroamigosdoradio.com.br\/index.php\/2025\/10\/16\/comunicado-labre-df-que-esteve-presente-no-5-encontro\/\" \/>\n<meta property=\"og:locale\" content=\"pt_BR\" \/>\n<meta property=\"og:type\" content=\"article\" \/>\n<meta property=\"og:title\" content=\"Comunicado LABRE DF que esteve presente no 5\u00b0 Encontro - 6\u00ba Encontro Amigos do R\u00e1dio 10-11\/10\/2026\" \/>\n<meta property=\"og:description\" content=\"A LABRE DF esteve, neste \u00faltimo domingo, 12 de outubro, participando do 5\u00ba Encontro de Radioamadores de Artur Nogueira \u2013 S\u00e3o Paulo, sem d\u00favida um dos maiores encontros de radioamadores do interior paulista, organizado pelo grande Rubens Zolotujin (PY2VE). O evento reuniu mais de mil radioamadores e foi uma excelente oportunidade para reencontrar amigos de [&hellip;]\" \/>\n<meta property=\"og:url\" content=\"https:\/\/encontroamigosdoradio.com.br\/index.php\/2025\/10\/16\/comunicado-labre-df-que-esteve-presente-no-5-encontro\/\" \/>\n<meta property=\"og:site_name\" content=\"6\u00ba Encontro Amigos do R\u00e1dio 10-11\/10\/2026\" \/>\n<meta property=\"article:published_time\" content=\"2025-10-16T07:05:55+00:00\" \/>\n<meta property=\"article:modified_time\" content=\"2025-10-16T08:29:35+00:00\" \/>\n<meta property=\"og:image\" content=\"https:\/\/encontroamigosdoradio.com.br\/wp-content\/uploads\/2025\/10\/image_editor_output_image2056477471-1760598411030.jpg\" \/>\n\t<meta property=\"og:image:width\" content=\"900\" \/>\n\t<meta property=\"og:image:height\" content=\"600\" \/>\n\t<meta property=\"og:image:type\" content=\"image\/jpeg\" \/>\n<meta name=\"author\" content=\"Rubens Zolotujin\" \/>\n<meta name=\"twitter:card\" content=\"summary_large_image\" \/>\n<meta name=\"twitter:label1\" content=\"Escrito por\" \/>\n\t<meta name=\"twitter:data1\" content=\"Rubens Zolotujin\" \/>\n\t<meta name=\"twitter:label2\" content=\"Est. tempo de leitura\" \/>\n\t<meta name=\"twitter:data2\" content=\"10 minutos\" \/>\n<script type=\"application\/ld+json\" class=\"yoast-schema-graph\">{\"@context\":\"https:\\\/\\\/schema.org\",\"@graph\":[{\"@type\":\"Article\",\"@id\":\"https:\\\/\\\/encontroamigosdoradio.com.br\\\/index.php\\\/2025\\\/10\\\/16\\\/comunicado-labre-df-que-esteve-presente-no-5-encontro\\\/#article\",\"isPartOf\":{\"@id\":\"https:\\\/\\\/encontroamigosdoradio.com.br\\\/index.php\\\/2025\\\/10\\\/16\\\/comunicado-labre-df-que-esteve-presente-no-5-encontro\\\/\"},\"author\":{\"name\":\"Rubens Zolotujin\",\"@id\":\"https:\\\/\\\/encontroamigosdoradio.com.br\\\/#\\\/schema\\\/person\\\/d6e110451ebb586b25023605897f1ddc\"},\"headline\":\"Comunicado LABRE DF que esteve presente no 5\u00b0 Encontro\",\"datePublished\":\"2025-10-16T07:05:55+00:00\",\"dateModified\":\"2025-10-16T08:29:35+00:00\",\"mainEntityOfPage\":{\"@id\":\"https:\\\/\\\/encontroamigosdoradio.com.br\\\/index.php\\\/2025\\\/10\\\/16\\\/comunicado-labre-df-que-esteve-presente-no-5-encontro\\\/\"},\"wordCount\":425,\"commentCount\":0,\"publisher\":{\"@id\":\"https:\\\/\\\/encontroamigosdoradio.com.br\\\/#organization\"},\"image\":{\"@id\":\"https:\\\/\\\/encontroamigosdoradio.com.br\\\/index.php\\\/2025\\\/10\\\/16\\\/comunicado-labre-df-que-esteve-presente-no-5-encontro\\\/#primaryimage\"},\"thumbnailUrl\":\"https:\\\/\\\/encontroamigosdoradio.com.br\\\/wp-content\\\/uploads\\\/2025\\\/10\\\/image_editor_output_image2056477471-1760598411030.jpg\",\"keywords\":[\"DF\",\"encontro\",\"labre\",\"Labre DF\",\"LabreDF\"],\"articleSection\":[\"2025\",\"Novidade\"],\"inLanguage\":\"pt-BR\",\"potentialAction\":[{\"@type\":\"CommentAction\",\"name\":\"Comment\",\"target\":[\"https:\\\/\\\/encontroamigosdoradio.com.br\\\/index.php\\\/2025\\\/10\\\/16\\\/comunicado-labre-df-que-esteve-presente-no-5-encontro\\\/#respond\"]}]},{\"@type\":\"WebPage\",\"@id\":\"https:\\\/\\\/encontroamigosdoradio.com.br\\\/index.php\\\/2025\\\/10\\\/16\\\/comunicado-labre-df-que-esteve-presente-no-5-encontro\\\/\",\"url\":\"https:\\\/\\\/encontroamigosdoradio.com.br\\\/index.php\\\/2025\\\/10\\\/16\\\/comunicado-labre-df-que-esteve-presente-no-5-encontro\\\/\",\"name\":\"Comunicado LABRE DF que esteve presente no 5\u00b0 Encontro - 6\u00ba Encontro Amigos do R\u00e1dio 10-11\\\/10\\\/2026\",\"isPartOf\":{\"@id\":\"https:\\\/\\\/encontroamigosdoradio.com.br\\\/#website\"},\"primaryImageOfPage\":{\"@id\":\"https:\\\/\\\/encontroamigosdoradio.com.br\\\/index.php\\\/2025\\\/10\\\/16\\\/comunicado-labre-df-que-esteve-presente-no-5-encontro\\\/#primaryimage\"},\"image\":{\"@id\":\"https:\\\/\\\/encontroamigosdoradio.com.br\\\/index.php\\\/2025\\\/10\\\/16\\\/comunicado-labre-df-que-esteve-presente-no-5-encontro\\\/#primaryimage\"},\"thumbnailUrl\":\"https:\\\/\\\/encontroamigosdoradio.com.br\\\/wp-content\\\/uploads\\\/2025\\\/10\\\/image_editor_output_image2056477471-1760598411030.jpg\",\"datePublished\":\"2025-10-16T07:05:55+00:00\",\"dateModified\":\"2025-10-16T08:29:35+00:00\",\"breadcrumb\":{\"@id\":\"https:\\\/\\\/encontroamigosdoradio.com.br\\\/index.php\\\/2025\\\/10\\\/16\\\/comunicado-labre-df-que-esteve-presente-no-5-encontro\\\/#breadcrumb\"},\"inLanguage\":\"pt-BR\",\"potentialAction\":[{\"@type\":\"ReadAction\",\"target\":[\"https:\\\/\\\/encontroamigosdoradio.com.br\\\/index.php\\\/2025\\\/10\\\/16\\\/comunicado-labre-df-que-esteve-presente-no-5-encontro\\\/\"]}]},{\"@type\":\"ImageObject\",\"inLanguage\":\"pt-BR\",\"@id\":\"https:\\\/\\\/encontroamigosdoradio.com.br\\\/index.php\\\/2025\\\/10\\\/16\\\/comunicado-labre-df-que-esteve-presente-no-5-encontro\\\/#primaryimage\",\"url\":\"https:\\\/\\\/encontroamigosdoradio.com.br\\\/wp-content\\\/uploads\\\/2025\\\/10\\\/image_editor_output_image2056477471-1760598411030.jpg\",\"contentUrl\":\"https:\\\/\\\/encontroamigosdoradio.com.br\\\/wp-content\\\/uploads\\\/2025\\\/10\\\/image_editor_output_image2056477471-1760598411030.jpg\",\"width\":900,\"height\":600},{\"@type\":\"BreadcrumbList\",\"@id\":\"https:\\\/\\\/encontroamigosdoradio.com.br\\\/index.php\\\/2025\\\/10\\\/16\\\/comunicado-labre-df-que-esteve-presente-no-5-encontro\\\/#breadcrumb\",\"itemListElement\":[{\"@type\":\"ListItem\",\"position\":1,\"name\":\"In\u00edcio\",\"item\":\"https:\\\/\\\/encontroamigosdoradio.com.br\\\/\"},{\"@type\":\"ListItem\",\"position\":2,\"name\":\"Comunicado LABRE DF que esteve presente no 5\u00b0 Encontro\"}]},{\"@type\":\"WebSite\",\"@id\":\"https:\\\/\\\/encontroamigosdoradio.com.br\\\/#website\",\"url\":\"https:\\\/\\\/encontroamigosdoradio.com.br\\\/\",\"name\":\"Encontro Amigos do R\u00e1dio\",\"description\":\"Onde a paix\u00e3o vira comunica\u00e7\u00e3o e amizade vira fam\u00edlia\",\"publisher\":{\"@id\":\"https:\\\/\\\/encontroamigosdoradio.com.br\\\/#organization\"},\"potentialAction\":[{\"@type\":\"SearchAction\",\"target\":{\"@type\":\"EntryPoint\",\"urlTemplate\":\"https:\\\/\\\/encontroamigosdoradio.com.br\\\/?s={search_term_string}\"},\"query-input\":{\"@type\":\"PropertyValueSpecification\",\"valueRequired\":true,\"valueName\":\"search_term_string\"}}],\"inLanguage\":\"pt-BR\"},{\"@type\":\"Organization\",\"@id\":\"https:\\\/\\\/encontroamigosdoradio.com.br\\\/#organization\",\"name\":\"Encontro Amigos do R\u00e1dio\",\"url\":\"https:\\\/\\\/encontroamigosdoradio.com.br\\\/\",\"logo\":{\"@type\":\"ImageObject\",\"inLanguage\":\"pt-BR\",\"@id\":\"https:\\\/\\\/encontroamigosdoradio.com.br\\\/#\\\/schema\\\/logo\\\/image\\\/\",\"url\":\"https:\\\/\\\/encontroamigosdoradio.com.br\\\/wp-content\\\/uploads\\\/2025\\\/02\\\/banner1-dia12102025.png\",\"contentUrl\":\"https:\\\/\\\/encontroamigosdoradio.com.br\\\/wp-content\\\/uploads\\\/2025\\\/02\\\/banner1-dia12102025.png\",\"width\":580,\"height\":300,\"caption\":\"Encontro Amigos do R\u00e1dio\"},\"image\":{\"@id\":\"https:\\\/\\\/encontroamigosdoradio.com.br\\\/#\\\/schema\\\/logo\\\/image\\\/\"}},{\"@type\":\"Person\",\"@id\":\"https:\\\/\\\/encontroamigosdoradio.com.br\\\/#\\\/schema\\\/person\\\/d6e110451ebb586b25023605897f1ddc\",\"name\":\"Rubens Zolotujin\",\"image\":{\"@type\":\"ImageObject\",\"inLanguage\":\"pt-BR\",\"@id\":\"https:\\\/\\\/secure.gravatar.com\\\/avatar\\\/75203a53777d93c2944e43b42c5c0182dcdfd065132431fdb6476d9ace333e73?s=96&d=mm&r=g\",\"url\":\"https:\\\/\\\/secure.gravatar.com\\\/avatar\\\/75203a53777d93c2944e43b42c5c0182dcdfd065132431fdb6476d9ace333e73?s=96&d=mm&r=g\",\"contentUrl\":\"https:\\\/\\\/secure.gravatar.com\\\/avatar\\\/75203a53777d93c2944e43b42c5c0182dcdfd065132431fdb6476d9ace333e73?s=96&d=mm&r=g\",\"caption\":\"Rubens Zolotujin\"},\"description\":\"Rubens Zolotujin \u00e9 verdadeiramente um indiv\u00edduo not\u00e1vel que combina uma profunda paix\u00e3o por radioamadorismo, vasto conhecimento em tecnologia e cyberseguran\u00e7a, al\u00e9m de uma sede insaci\u00e1vel por aprender e viajar. Seu comprometimento com o aprimoramento pessoal e a explora\u00e7\u00e3o do mundo fazem dele uma figura inspiradora e respeitada em sua comunidade e al\u00e9m.\",\"sameAs\":[\"https:\\\/\\\/encontroamigosdoradio.com.br\"],\"url\":\"https:\\\/\\\/encontroamigosdoradio.com.br\\\/index.php\\\/author\\\/py2ve\\\/\"}]}<\/script>\n<!-- \/ Yoast SEO plugin. -->","yoast_head_json":{"title":"Comunicado LABRE DF que esteve presente no 5\u00b0 Encontro - 6\u00ba Encontro Amigos do R\u00e1dio 10-11\/10\/2026","robots":{"index":"index","follow":"follow","max-snippet":"max-snippet:-1","max-image-preview":"max-image-preview:large","max-video-preview":"max-video-preview:-1"},"canonical":"https:\/\/encontroamigosdoradio.com.br\/index.php\/2025\/10\/16\/comunicado-labre-df-que-esteve-presente-no-5-encontro\/","og_locale":"pt_BR","og_type":"article","og_title":"Comunicado LABRE DF que esteve presente no 5\u00b0 Encontro - 6\u00ba Encontro Amigos do R\u00e1dio 10-11\/10\/2026","og_description":"A LABRE DF esteve, neste \u00faltimo domingo, 12 de outubro, participando do 5\u00ba Encontro de Radioamadores de Artur Nogueira \u2013 S\u00e3o Paulo, sem d\u00favida um dos maiores encontros de radioamadores do interior paulista, organizado pelo grande Rubens Zolotujin (PY2VE). O evento reuniu mais de mil radioamadores e foi uma excelente oportunidade para reencontrar amigos de [&hellip;]","og_url":"https:\/\/encontroamigosdoradio.com.br\/index.php\/2025\/10\/16\/comunicado-labre-df-que-esteve-presente-no-5-encontro\/","og_site_name":"6\u00ba Encontro Amigos do R\u00e1dio 10-11\/10\/2026","article_published_time":"2025-10-16T07:05:55+00:00","article_modified_time":"2025-10-16T08:29:35+00:00","og_image":[{"width":900,"height":600,"url":"https:\/\/encontroamigosdoradio.com.br\/wp-content\/uploads\/2025\/10\/image_editor_output_image2056477471-1760598411030.jpg","type":"image\/jpeg"}],"author":"Rubens Zolotujin","twitter_card":"summary_large_image","twitter_misc":{"Escrito por":"Rubens Zolotujin","Est. tempo de leitura":"10 minutos"},"schema":{"@context":"https:\/\/schema.org","@graph":[{"@type":"Article","@id":"https:\/\/encontroamigosdoradio.com.br\/index.php\/2025\/10\/16\/comunicado-labre-df-que-esteve-presente-no-5-encontro\/#article","isPartOf":{"@id":"https:\/\/encontroamigosdoradio.com.br\/index.php\/2025\/10\/16\/comunicado-labre-df-que-esteve-presente-no-5-encontro\/"},"author":{"name":"Rubens Zolotujin","@id":"https:\/\/encontroamigosdoradio.com.br\/#\/schema\/person\/d6e110451ebb586b25023605897f1ddc"},"headline":"Comunicado LABRE DF que esteve presente no 5\u00b0 Encontro","datePublished":"2025-10-16T07:05:55+00:00","dateModified":"2025-10-16T08:29:35+00:00","mainEntityOfPage":{"@id":"https:\/\/encontroamigosdoradio.com.br\/index.php\/2025\/10\/16\/comunicado-labre-df-que-esteve-presente-no-5-encontro\/"},"wordCount":425,"commentCount":0,"publisher":{"@id":"https:\/\/encontroamigosdoradio.com.br\/#organization"},"image":{"@id":"https:\/\/encontroamigosdoradio.com.br\/index.php\/2025\/10\/16\/comunicado-labre-df-que-esteve-presente-no-5-encontro\/#primaryimage"},"thumbnailUrl":"https:\/\/encontroamigosdoradio.com.br\/wp-content\/uploads\/2025\/10\/image_editor_output_image2056477471-1760598411030.jpg","keywords":["DF","encontro","labre","Labre DF","LabreDF"],"articleSection":["2025","Novidade"],"inLanguage":"pt-BR","potentialAction":[{"@type":"CommentAction","name":"Comment","target":["https:\/\/encontroamigosdoradio.com.br\/index.php\/2025\/10\/16\/comunicado-labre-df-que-esteve-presente-no-5-encontro\/#respond"]}]},{"@type":"WebPage","@id":"https:\/\/encontroamigosdoradio.com.br\/index.php\/2025\/10\/16\/comunicado-labre-df-que-esteve-presente-no-5-encontro\/","url":"https:\/\/encontroamigosdoradio.com.br\/index.php\/2025\/10\/16\/comunicado-labre-df-que-esteve-presente-no-5-encontro\/","name":"Comunicado LABRE DF que esteve presente no 5\u00b0 Encontro - 6\u00ba Encontro Amigos do R\u00e1dio 10-11\/10\/2026","isPartOf":{"@id":"https:\/\/encontroamigosdoradio.com.br\/#website"},"primaryImageOfPage":{"@id":"https:\/\/encontroamigosdoradio.com.br\/index.php\/2025\/10\/16\/comunicado-labre-df-que-esteve-presente-no-5-encontro\/#primaryimage"},"image":{"@id":"https:\/\/encontroamigosdoradio.com.br\/index.php\/2025\/10\/16\/comunicado-labre-df-que-esteve-presente-no-5-encontro\/#primaryimage"},"thumbnailUrl":"https:\/\/encontroamigosdoradio.com.br\/wp-content\/uploads\/2025\/10\/image_editor_output_image2056477471-1760598411030.jpg","datePublished":"2025-10-16T07:05:55+00:00","dateModified":"2025-10-16T08:29:35+00:00","breadcrumb":{"@id":"https:\/\/encontroamigosdoradio.com.br\/index.php\/2025\/10\/16\/comunicado-labre-df-que-esteve-presente-no-5-encontro\/#breadcrumb"},"inLanguage":"pt-BR","potentialAction":[{"@type":"ReadAction","target":["https:\/\/encontroamigosdoradio.com.br\/index.php\/2025\/10\/16\/comunicado-labre-df-que-esteve-presente-no-5-encontro\/"]}]},{"@type":"ImageObject","inLanguage":"pt-BR","@id":"https:\/\/encontroamigosdoradio.com.br\/index.php\/2025\/10\/16\/comunicado-labre-df-que-esteve-presente-no-5-encontro\/#primaryimage","url":"https:\/\/encontroamigosdoradio.com.br\/wp-content\/uploads\/2025\/10\/image_editor_output_image2056477471-1760598411030.jpg","contentUrl":"https:\/\/encontroamigosdoradio.com.br\/wp-content\/uploads\/2025\/10\/image_editor_output_image2056477471-1760598411030.jpg","width":900,"height":600},{"@type":"BreadcrumbList","@id":"https:\/\/encontroamigosdoradio.com.br\/index.php\/2025\/10\/16\/comunicado-labre-df-que-esteve-presente-no-5-encontro\/#breadcrumb","itemListElement":[{"@type":"ListItem","position":1,"name":"In\u00edcio","item":"https:\/\/encontroamigosdoradio.com.br\/"},{"@type":"ListItem","position":2,"name":"Comunicado LABRE DF que esteve presente no 5\u00b0 Encontro"}]},{"@type":"WebSite","@id":"https:\/\/encontroamigosdoradio.com.br\/#website","url":"https:\/\/encontroamigosdoradio.com.br\/","name":"Encontro Amigos do R\u00e1dio","description":"Onde a paix\u00e3o vira comunica\u00e7\u00e3o e amizade vira fam\u00edlia","publisher":{"@id":"https:\/\/encontroamigosdoradio.com.br\/#organization"},"potentialAction":[{"@type":"SearchAction","target":{"@type":"EntryPoint","urlTemplate":"https:\/\/encontroamigosdoradio.com.br\/?s={search_term_string}"},"query-input":{"@type":"PropertyValueSpecification","valueRequired":true,"valueName":"search_term_string"}}],"inLanguage":"pt-BR"},{"@type":"Organization","@id":"https:\/\/encontroamigosdoradio.com.br\/#organization","name":"Encontro Amigos do R\u00e1dio","url":"https:\/\/encontroamigosdoradio.com.br\/","logo":{"@type":"ImageObject","inLanguage":"pt-BR","@id":"https:\/\/encontroamigosdoradio.com.br\/#\/schema\/logo\/image\/","url":"https:\/\/encontroamigosdoradio.com.br\/wp-content\/uploads\/2025\/02\/banner1-dia12102025.png","contentUrl":"https:\/\/encontroamigosdoradio.com.br\/wp-content\/uploads\/2025\/02\/banner1-dia12102025.png","width":580,"height":300,"caption":"Encontro Amigos do R\u00e1dio"},"image":{"@id":"https:\/\/encontroamigosdoradio.com.br\/#\/schema\/logo\/image\/"}},{"@type":"Person","@id":"https:\/\/encontroamigosdoradio.com.br\/#\/schema\/person\/d6e110451ebb586b25023605897f1ddc","name":"Rubens Zolotujin","image":{"@type":"ImageObject","inLanguage":"pt-BR","@id":"https:\/\/secure.gravatar.com\/avatar\/75203a53777d93c2944e43b42c5c0182dcdfd065132431fdb6476d9ace333e73?s=96&d=mm&r=g","url":"https:\/\/secure.gravatar.com\/avatar\/75203a53777d93c2944e43b42c5c0182dcdfd065132431fdb6476d9ace333e73?s=96&d=mm&r=g","contentUrl":"https:\/\/secure.gravatar.com\/avatar\/75203a53777d93c2944e43b42c5c0182dcdfd065132431fdb6476d9ace333e73?s=96&d=mm&r=g","caption":"Rubens Zolotujin"},"description":"Rubens Zolotujin \u00e9 verdadeiramente um indiv\u00edduo not\u00e1vel que combina uma profunda paix\u00e3o por radioamadorismo, vasto conhecimento em tecnologia e cyberseguran\u00e7a, al\u00e9m de uma sede insaci\u00e1vel por aprender e viajar. Seu comprometimento com o aprimoramento pessoal e a explora\u00e7\u00e3o do mundo fazem dele uma figura inspiradora e respeitada em sua comunidade e al\u00e9m.","sameAs":["https:\/\/encontroamigosdoradio.com.br"],"url":"https:\/\/encontroamigosdoradio.com.br\/index.php\/author\/py2ve\/"}]}},"_links":{"self":[{"href":"https:\/\/encontroamigosdoradio.com.br\/index.php\/wp-json\/wp\/v2\/posts\/1350","targetHints":{"allow":["GET"]}}],"collection":[{"href":"https:\/\/encontroamigosdoradio.com.br\/index.php\/wp-json\/wp\/v2\/posts"}],"about":[{"href":"https:\/\/encontroamigosdoradio.com.br\/index.php\/wp-json\/wp\/v2\/types\/post"}],"author":[{"embeddable":true,"href":"https:\/\/encontroamigosdoradio.com.br\/index.php\/wp-json\/wp\/v2\/users\/1"}],"replies":[{"embeddable":true,"href":"https:\/\/encontroamigosdoradio.com.br\/index.php\/wp-json\/wp\/v2\/comments?post=1350"}],"version-history":[{"count":3,"href":"https:\/\/encontroamigosdoradio.com.br\/index.php\/wp-json\/wp\/v2\/posts\/1350\/revisions"}],"predecessor-version":[{"id":1353,"href":"https:\/\/encontroamigosdoradio.com.br\/index.php\/wp-json\/wp\/v2\/posts\/1350\/revisions\/1353"}],"wp:featuredmedia":[{"embeddable":true,"href":"https:\/\/encontroamigosdoradio.com.br\/index.php\/wp-json\/wp\/v2\/media\/1349"}],"wp:attachment":[{"href":"https:\/\/encontroamigosdoradio.com.br\/index.php\/wp-json\/wp\/v2\/media?parent=1350"}],"wp:term":[{"taxonomy":"category","embeddable":true,"href":"https:\/\/encontroamigosdoradio.com.br\/index.php\/wp-json\/wp\/v2\/categories?post=1350"},{"taxonomy":"post_tag","embeddable":true,"href":"https:\/\/encontroamigosdoradio.com.br\/index.php\/wp-json\/wp\/v2\/tags?post=1350"}],"curies":[{"name":"wp","href":"https:\/\/api.w.org\/{rel}","templated":true}]}}