{"id":1366,"date":"2025-10-19T19:42:43","date_gmt":"2025-10-19T22:42:43","guid":{"rendered":"https:\/\/encontroamigosdoradio.com.br\/?p=1366"},"modified":"2025-10-19T19:45:43","modified_gmt":"2025-10-19T22:45:43","slug":"cobertura-do-maior-encontro-de-radioamadores-do-brasil-artur-nogueira-2025-por-pu2pyc","status":"publish","type":"post","link":"https:\/\/encontroamigosdoradio.com.br\/index.php\/2025\/10\/19\/cobertura-do-maior-encontro-de-radioamadores-do-brasil-artur-nogueira-2025-por-pu2pyc\/","title":{"rendered":"Cobertura do maior encontro de radioamadores do Brasil Artur Nogueira 2025 por pu2pyc"},"content":{"rendered":"\n<figure class=\"wp-block-embed is-type-video is-provider-youtube wp-block-embed-youtube wp-embed-aspect-16-9 wp-has-aspect-ratio\"><div class=\"wp-block-embed__wrapper\">\n<iframe loading=\"lazy\" title=\"Artur Nogueira 2025\" width=\"640\" height=\"360\" src=\"https:\/\/www.youtube.com\/embed\/OOrcqlbRRgs?feature=oembed\" frameborder=\"0\" allow=\"accelerometer; autoplay; clipboard-write; encrypted-media; gyroscope; picture-in-picture; web-share\" referrerpolicy=\"strict-origin-when-cross-origin\" allowfullscreen><\/iframe>\n<\/div><\/figure>\n\n\n\n<p>Esse dia ficou pra hist\u00f3ria, n\u00e3o consegui fazer uma cobertura melhor, pois a todo momento recebia com muito carinho, um amigo que vinha falar comigo. N\u00e3o deu pra dar a aten\u00e7\u00e3o merecida aos amigos, mas na medida do poss\u00edvel cumprimentei, e de aten\u00e7\u00e3o a todos os que me procuraram. \u00c9 um dia que eu queria que tivesse pelo menos 36hrs pra poder falar com todo mundo. Foi muito bonito ver a mobiliza\u00e7\u00e3o da galera no evento. Reencontrei v\u00e1rios amigos e conheci novos amigos tamb\u00e9m. 2026 vai ser top, l\u00e1 sim vamos ter as 36hrs pra falar tanto at\u00e9 enjoar rsrsrs. Mais uma vez, meu obrigado ao @Rubens Zolotujin por nos proporcionar esse dia maravilhoso!<\/p>\n\n\n\n<p>Jeff PU2PYC muito obrigado!!!<\/p>\n","protected":false},"excerpt":{"rendered":"<p>Esse dia ficou pra hist\u00f3ria, n\u00e3o consegui fazer uma cobertura melhor, pois a todo momento recebia com muito carinho, um amigo que vinha falar comigo. N\u00e3o deu pra dar a aten\u00e7\u00e3o merecida aos amigos, mas na medida do poss\u00edvel cumprimentei, e de aten\u00e7\u00e3o a todos os que me procuraram. \u00c9 um dia que eu queria [&hellip;]<\/p>\n","protected":false},"author":1,"featured_media":1134,"comment_status":"open","ping_status":"open","sticky":false,"template":"","format":"standard","meta":{"footnotes":""},"categories":[140,4],"tags":[263,261,262,67,190],"class_list":["post-1366","post","type-post","status-publish","format-standard","has-post-thumbnail","hentry","category-140","category-novidade","tag-4k","tag-cobertura","tag-jeff","tag-pu2pyc","tag-video"],"yoast_head":"<!-- This site is optimized with the Yoast SEO plugin v27.5 - https:\/\/yoast.com\/product\/yoast-seo-wordpress\/ -->\n<title>Cobertura do maior encontro de radioamadores do Brasil Artur Nogueira 2025 por pu2pyc - 6\u00ba Encontro Amigos do R\u00e1dio 10-11\/10\/2026<\/title>\n<meta name=\"robots\" content=\"index, follow, max-snippet:-1, max-image-preview:large, max-video-preview:-1\" \/>\n<link rel=\"canonical\" href=\"https:\/\/encontroamigosdoradio.com.br\/index.php\/2025\/10\/19\/cobertura-do-maior-encontro-de-radioamadores-do-brasil-artur-nogueira-2025-por-pu2pyc\/\" \/>\n<meta property=\"og:locale\" content=\"pt_BR\" \/>\n<meta property=\"og:type\" content=\"article\" \/>\n<meta property=\"og:title\" content=\"Cobertura do maior encontro de radioamadores do Brasil Artur Nogueira 2025 por pu2pyc - 6\u00ba Encontro Amigos do R\u00e1dio 10-11\/10\/2026\" \/>\n<meta property=\"og:description\" content=\"Esse dia ficou pra hist\u00f3ria, n\u00e3o consegui fazer uma cobertura melhor, pois a todo momento recebia com muito carinho, um amigo que vinha falar comigo. N\u00e3o deu pra dar a aten\u00e7\u00e3o merecida aos amigos, mas na medida do poss\u00edvel cumprimentei, e de aten\u00e7\u00e3o a todos os que me procuraram. \u00c9 um dia que eu queria [&hellip;]\" \/>\n<meta property=\"og:url\" content=\"https:\/\/encontroamigosdoradio.com.br\/index.php\/2025\/10\/19\/cobertura-do-maior-encontro-de-radioamadores-do-brasil-artur-nogueira-2025-por-pu2pyc\/\" \/>\n<meta property=\"og:site_name\" content=\"6\u00ba Encontro Amigos do R\u00e1dio 10-11\/10\/2026\" \/>\n<meta property=\"article:published_time\" content=\"2025-10-19T22:42:43+00:00\" \/>\n<meta property=\"article:modified_time\" content=\"2025-10-19T22:45:43+00:00\" \/>\n<meta property=\"og:image\" content=\"https:\/\/encontroamigosdoradio.com.br\/wp-content\/uploads\/2025\/10\/L8A1758.jpg\" \/>\n\t<meta property=\"og:image:width\" content=\"1000\" \/>\n\t<meta property=\"og:image:height\" content=\"667\" \/>\n\t<meta property=\"og:image:type\" content=\"image\/jpeg\" \/>\n<meta name=\"author\" content=\"Rubens Zolotujin\" \/>\n<meta name=\"twitter:card\" content=\"summary_large_image\" \/>\n<meta name=\"twitter:label1\" content=\"Escrito por\" \/>\n\t<meta name=\"twitter:data1\" content=\"Rubens Zolotujin\" \/>\n\t<meta name=\"twitter:label2\" content=\"Est. tempo de leitura\" \/>\n\t<meta name=\"twitter:data2\" content=\"1 minuto\" \/>\n<script type=\"application\/ld+json\" class=\"yoast-schema-graph\">{\"@context\":\"https:\\\/\\\/schema.org\",\"@graph\":[{\"@type\":\"Article\",\"@id\":\"https:\\\/\\\/encontroamigosdoradio.com.br\\\/index.php\\\/2025\\\/10\\\/19\\\/cobertura-do-maior-encontro-de-radioamadores-do-brasil-artur-nogueira-2025-por-pu2pyc\\\/#article\",\"isPartOf\":{\"@id\":\"https:\\\/\\\/encontroamigosdoradio.com.br\\\/index.php\\\/2025\\\/10\\\/19\\\/cobertura-do-maior-encontro-de-radioamadores-do-brasil-artur-nogueira-2025-por-pu2pyc\\\/\"},\"author\":{\"name\":\"Rubens Zolotujin\",\"@id\":\"https:\\\/\\\/encontroamigosdoradio.com.br\\\/#\\\/schema\\\/person\\\/d6e110451ebb586b25023605897f1ddc\"},\"headline\":\"Cobertura do maior encontro de radioamadores do Brasil Artur Nogueira 2025 por pu2pyc\",\"datePublished\":\"2025-10-19T22:42:43+00:00\",\"dateModified\":\"2025-10-19T22:45:43+00:00\",\"mainEntityOfPage\":{\"@id\":\"https:\\\/\\\/encontroamigosdoradio.com.br\\\/index.php\\\/2025\\\/10\\\/19\\\/cobertura-do-maior-encontro-de-radioamadores-do-brasil-artur-nogueira-2025-por-pu2pyc\\\/\"},\"wordCount\":145,\"commentCount\":0,\"publisher\":{\"@id\":\"https:\\\/\\\/encontroamigosdoradio.com.br\\\/#organization\"},\"image\":{\"@id\":\"https:\\\/\\\/encontroamigosdoradio.com.br\\\/index.php\\\/2025\\\/10\\\/19\\\/cobertura-do-maior-encontro-de-radioamadores-do-brasil-artur-nogueira-2025-por-pu2pyc\\\/#primaryimage\"},\"thumbnailUrl\":\"https:\\\/\\\/encontroamigosdoradio.com.br\\\/wp-content\\\/uploads\\\/2025\\\/10\\\/L8A1758.jpg\",\"keywords\":[\"4k\",\"cobertura\",\"jeff\",\"pu2pyc\",\"video\"],\"articleSection\":[\"2025\",\"Novidade\"],\"inLanguage\":\"pt-BR\",\"potentialAction\":[{\"@type\":\"CommentAction\",\"name\":\"Comment\",\"target\":[\"https:\\\/\\\/encontroamigosdoradio.com.br\\\/index.php\\\/2025\\\/10\\\/19\\\/cobertura-do-maior-encontro-de-radioamadores-do-brasil-artur-nogueira-2025-por-pu2pyc\\\/#respond\"]}]},{\"@type\":\"WebPage\",\"@id\":\"https:\\\/\\\/encontroamigosdoradio.com.br\\\/index.php\\\/2025\\\/10\\\/19\\\/cobertura-do-maior-encontro-de-radioamadores-do-brasil-artur-nogueira-2025-por-pu2pyc\\\/\",\"url\":\"https:\\\/\\\/encontroamigosdoradio.com.br\\\/index.php\\\/2025\\\/10\\\/19\\\/cobertura-do-maior-encontro-de-radioamadores-do-brasil-artur-nogueira-2025-por-pu2pyc\\\/\",\"name\":\"Cobertura do maior encontro de radioamadores do Brasil Artur Nogueira 2025 por pu2pyc - 6\u00ba Encontro Amigos do R\u00e1dio 10-11\\\/10\\\/2026\",\"isPartOf\":{\"@id\":\"https:\\\/\\\/encontroamigosdoradio.com.br\\\/#website\"},\"primaryImageOfPage\":{\"@id\":\"https:\\\/\\\/encontroamigosdoradio.com.br\\\/index.php\\\/2025\\\/10\\\/19\\\/cobertura-do-maior-encontro-de-radioamadores-do-brasil-artur-nogueira-2025-por-pu2pyc\\\/#primaryimage\"},\"image\":{\"@id\":\"https:\\\/\\\/encontroamigosdoradio.com.br\\\/index.php\\\/2025\\\/10\\\/19\\\/cobertura-do-maior-encontro-de-radioamadores-do-brasil-artur-nogueira-2025-por-pu2pyc\\\/#primaryimage\"},\"thumbnailUrl\":\"https:\\\/\\\/encontroamigosdoradio.com.br\\\/wp-content\\\/uploads\\\/2025\\\/10\\\/L8A1758.jpg\",\"datePublished\":\"2025-10-19T22:42:43+00:00\",\"dateModified\":\"2025-10-19T22:45:43+00:00\",\"breadcrumb\":{\"@id\":\"https:\\\/\\\/encontroamigosdoradio.com.br\\\/index.php\\\/2025\\\/10\\\/19\\\/cobertura-do-maior-encontro-de-radioamadores-do-brasil-artur-nogueira-2025-por-pu2pyc\\\/#breadcrumb\"},\"inLanguage\":\"pt-BR\",\"potentialAction\":[{\"@type\":\"ReadAction\",\"target\":[\"https:\\\/\\\/encontroamigosdoradio.com.br\\\/index.php\\\/2025\\\/10\\\/19\\\/cobertura-do-maior-encontro-de-radioamadores-do-brasil-artur-nogueira-2025-por-pu2pyc\\\/\"]}]},{\"@type\":\"ImageObject\",\"inLanguage\":\"pt-BR\",\"@id\":\"https:\\\/\\\/encontroamigosdoradio.com.br\\\/index.php\\\/2025\\\/10\\\/19\\\/cobertura-do-maior-encontro-de-radioamadores-do-brasil-artur-nogueira-2025-por-pu2pyc\\\/#primaryimage\",\"url\":\"https:\\\/\\\/encontroamigosdoradio.com.br\\\/wp-content\\\/uploads\\\/2025\\\/10\\\/L8A1758.jpg\",\"contentUrl\":\"https:\\\/\\\/encontroamigosdoradio.com.br\\\/wp-content\\\/uploads\\\/2025\\\/10\\\/L8A1758.jpg\",\"width\":1000,\"height\":667},{\"@type\":\"BreadcrumbList\",\"@id\":\"https:\\\/\\\/encontroamigosdoradio.com.br\\\/index.php\\\/2025\\\/10\\\/19\\\/cobertura-do-maior-encontro-de-radioamadores-do-brasil-artur-nogueira-2025-por-pu2pyc\\\/#breadcrumb\",\"itemListElement\":[{\"@type\":\"ListItem\",\"position\":1,\"name\":\"In\u00edcio\",\"item\":\"https:\\\/\\\/encontroamigosdoradio.com.br\\\/\"},{\"@type\":\"ListItem\",\"position\":2,\"name\":\"Cobertura do maior encontro de radioamadores do Brasil Artur Nogueira 2025 por pu2pyc\"}]},{\"@type\":\"WebSite\",\"@id\":\"https:\\\/\\\/encontroamigosdoradio.com.br\\\/#website\",\"url\":\"https:\\\/\\\/encontroamigosdoradio.com.br\\\/\",\"name\":\"Encontro Amigos do R\u00e1dio\",\"description\":\"Onde a paix\u00e3o vira comunica\u00e7\u00e3o e amizade vira fam\u00edlia\",\"publisher\":{\"@id\":\"https:\\\/\\\/encontroamigosdoradio.com.br\\\/#organization\"},\"potentialAction\":[{\"@type\":\"SearchAction\",\"target\":{\"@type\":\"EntryPoint\",\"urlTemplate\":\"https:\\\/\\\/encontroamigosdoradio.com.br\\\/?s={search_term_string}\"},\"query-input\":{\"@type\":\"PropertyValueSpecification\",\"valueRequired\":true,\"valueName\":\"search_term_string\"}}],\"inLanguage\":\"pt-BR\"},{\"@type\":\"Organization\",\"@id\":\"https:\\\/\\\/encontroamigosdoradio.com.br\\\/#organization\",\"name\":\"Encontro Amigos do R\u00e1dio\",\"url\":\"https:\\\/\\\/encontroamigosdoradio.com.br\\\/\",\"logo\":{\"@type\":\"ImageObject\",\"inLanguage\":\"pt-BR\",\"@id\":\"https:\\\/\\\/encontroamigosdoradio.com.br\\\/#\\\/schema\\\/logo\\\/image\\\/\",\"url\":\"https:\\\/\\\/encontroamigosdoradio.com.br\\\/wp-content\\\/uploads\\\/2025\\\/02\\\/banner1-dia12102025.png\",\"contentUrl\":\"https:\\\/\\\/encontroamigosdoradio.com.br\\\/wp-content\\\/uploads\\\/2025\\\/02\\\/banner1-dia12102025.png\",\"width\":580,\"height\":300,\"caption\":\"Encontro Amigos do R\u00e1dio\"},\"image\":{\"@id\":\"https:\\\/\\\/encontroamigosdoradio.com.br\\\/#\\\/schema\\\/logo\\\/image\\\/\"}},{\"@type\":\"Person\",\"@id\":\"https:\\\/\\\/encontroamigosdoradio.com.br\\\/#\\\/schema\\\/person\\\/d6e110451ebb586b25023605897f1ddc\",\"name\":\"Rubens Zolotujin\",\"image\":{\"@type\":\"ImageObject\",\"inLanguage\":\"pt-BR\",\"@id\":\"https:\\\/\\\/secure.gravatar.com\\\/avatar\\\/75203a53777d93c2944e43b42c5c0182dcdfd065132431fdb6476d9ace333e73?s=96&d=mm&r=g\",\"url\":\"https:\\\/\\\/secure.gravatar.com\\\/avatar\\\/75203a53777d93c2944e43b42c5c0182dcdfd065132431fdb6476d9ace333e73?s=96&d=mm&r=g\",\"contentUrl\":\"https:\\\/\\\/secure.gravatar.com\\\/avatar\\\/75203a53777d93c2944e43b42c5c0182dcdfd065132431fdb6476d9ace333e73?s=96&d=mm&r=g\",\"caption\":\"Rubens Zolotujin\"},\"description\":\"Rubens Zolotujin \u00e9 verdadeiramente um indiv\u00edduo not\u00e1vel que combina uma profunda paix\u00e3o por radioamadorismo, vasto conhecimento em tecnologia e cyberseguran\u00e7a, al\u00e9m de uma sede insaci\u00e1vel por aprender e viajar. Seu comprometimento com o aprimoramento pessoal e a explora\u00e7\u00e3o do mundo fazem dele uma figura inspiradora e respeitada em sua comunidade e al\u00e9m.\",\"sameAs\":[\"https:\\\/\\\/encontroamigosdoradio.com.br\"],\"url\":\"https:\\\/\\\/encontroamigosdoradio.com.br\\\/index.php\\\/author\\\/py2ve\\\/\"}]}<\/script>\n<!-- \/ Yoast SEO plugin. -->","yoast_head_json":{"title":"Cobertura do maior encontro de radioamadores do Brasil Artur Nogueira 2025 por pu2pyc - 6\u00ba Encontro Amigos do R\u00e1dio 10-11\/10\/2026","robots":{"index":"index","follow":"follow","max-snippet":"max-snippet:-1","max-image-preview":"max-image-preview:large","max-video-preview":"max-video-preview:-1"},"canonical":"https:\/\/encontroamigosdoradio.com.br\/index.php\/2025\/10\/19\/cobertura-do-maior-encontro-de-radioamadores-do-brasil-artur-nogueira-2025-por-pu2pyc\/","og_locale":"pt_BR","og_type":"article","og_title":"Cobertura do maior encontro de radioamadores do Brasil Artur Nogueira 2025 por pu2pyc - 6\u00ba Encontro Amigos do R\u00e1dio 10-11\/10\/2026","og_description":"Esse dia ficou pra hist\u00f3ria, n\u00e3o consegui fazer uma cobertura melhor, pois a todo momento recebia com muito carinho, um amigo que vinha falar comigo. N\u00e3o deu pra dar a aten\u00e7\u00e3o merecida aos amigos, mas na medida do poss\u00edvel cumprimentei, e de aten\u00e7\u00e3o a todos os que me procuraram. \u00c9 um dia que eu queria [&hellip;]","og_url":"https:\/\/encontroamigosdoradio.com.br\/index.php\/2025\/10\/19\/cobertura-do-maior-encontro-de-radioamadores-do-brasil-artur-nogueira-2025-por-pu2pyc\/","og_site_name":"6\u00ba Encontro Amigos do R\u00e1dio 10-11\/10\/2026","article_published_time":"2025-10-19T22:42:43+00:00","article_modified_time":"2025-10-19T22:45:43+00:00","og_image":[{"width":1000,"height":667,"url":"https:\/\/encontroamigosdoradio.com.br\/wp-content\/uploads\/2025\/10\/L8A1758.jpg","type":"image\/jpeg"}],"author":"Rubens Zolotujin","twitter_card":"summary_large_image","twitter_misc":{"Escrito por":"Rubens Zolotujin","Est. tempo de leitura":"1 minuto"},"schema":{"@context":"https:\/\/schema.org","@graph":[{"@type":"Article","@id":"https:\/\/encontroamigosdoradio.com.br\/index.php\/2025\/10\/19\/cobertura-do-maior-encontro-de-radioamadores-do-brasil-artur-nogueira-2025-por-pu2pyc\/#article","isPartOf":{"@id":"https:\/\/encontroamigosdoradio.com.br\/index.php\/2025\/10\/19\/cobertura-do-maior-encontro-de-radioamadores-do-brasil-artur-nogueira-2025-por-pu2pyc\/"},"author":{"name":"Rubens Zolotujin","@id":"https:\/\/encontroamigosdoradio.com.br\/#\/schema\/person\/d6e110451ebb586b25023605897f1ddc"},"headline":"Cobertura do maior encontro de radioamadores do Brasil Artur Nogueira 2025 por pu2pyc","datePublished":"2025-10-19T22:42:43+00:00","dateModified":"2025-10-19T22:45:43+00:00","mainEntityOfPage":{"@id":"https:\/\/encontroamigosdoradio.com.br\/index.php\/2025\/10\/19\/cobertura-do-maior-encontro-de-radioamadores-do-brasil-artur-nogueira-2025-por-pu2pyc\/"},"wordCount":145,"commentCount":0,"publisher":{"@id":"https:\/\/encontroamigosdoradio.com.br\/#organization"},"image":{"@id":"https:\/\/encontroamigosdoradio.com.br\/index.php\/2025\/10\/19\/cobertura-do-maior-encontro-de-radioamadores-do-brasil-artur-nogueira-2025-por-pu2pyc\/#primaryimage"},"thumbnailUrl":"https:\/\/encontroamigosdoradio.com.br\/wp-content\/uploads\/2025\/10\/L8A1758.jpg","keywords":["4k","cobertura","jeff","pu2pyc","video"],"articleSection":["2025","Novidade"],"inLanguage":"pt-BR","potentialAction":[{"@type":"CommentAction","name":"Comment","target":["https:\/\/encontroamigosdoradio.com.br\/index.php\/2025\/10\/19\/cobertura-do-maior-encontro-de-radioamadores-do-brasil-artur-nogueira-2025-por-pu2pyc\/#respond"]}]},{"@type":"WebPage","@id":"https:\/\/encontroamigosdoradio.com.br\/index.php\/2025\/10\/19\/cobertura-do-maior-encontro-de-radioamadores-do-brasil-artur-nogueira-2025-por-pu2pyc\/","url":"https:\/\/encontroamigosdoradio.com.br\/index.php\/2025\/10\/19\/cobertura-do-maior-encontro-de-radioamadores-do-brasil-artur-nogueira-2025-por-pu2pyc\/","name":"Cobertura do maior encontro de radioamadores do Brasil Artur Nogueira 2025 por pu2pyc - 6\u00ba Encontro Amigos do R\u00e1dio 10-11\/10\/2026","isPartOf":{"@id":"https:\/\/encontroamigosdoradio.com.br\/#website"},"primaryImageOfPage":{"@id":"https:\/\/encontroamigosdoradio.com.br\/index.php\/2025\/10\/19\/cobertura-do-maior-encontro-de-radioamadores-do-brasil-artur-nogueira-2025-por-pu2pyc\/#primaryimage"},"image":{"@id":"https:\/\/encontroamigosdoradio.com.br\/index.php\/2025\/10\/19\/cobertura-do-maior-encontro-de-radioamadores-do-brasil-artur-nogueira-2025-por-pu2pyc\/#primaryimage"},"thumbnailUrl":"https:\/\/encontroamigosdoradio.com.br\/wp-content\/uploads\/2025\/10\/L8A1758.jpg","datePublished":"2025-10-19T22:42:43+00:00","dateModified":"2025-10-19T22:45:43+00:00","breadcrumb":{"@id":"https:\/\/encontroamigosdoradio.com.br\/index.php\/2025\/10\/19\/cobertura-do-maior-encontro-de-radioamadores-do-brasil-artur-nogueira-2025-por-pu2pyc\/#breadcrumb"},"inLanguage":"pt-BR","potentialAction":[{"@type":"ReadAction","target":["https:\/\/encontroamigosdoradio.com.br\/index.php\/2025\/10\/19\/cobertura-do-maior-encontro-de-radioamadores-do-brasil-artur-nogueira-2025-por-pu2pyc\/"]}]},{"@type":"ImageObject","inLanguage":"pt-BR","@id":"https:\/\/encontroamigosdoradio.com.br\/index.php\/2025\/10\/19\/cobertura-do-maior-encontro-de-radioamadores-do-brasil-artur-nogueira-2025-por-pu2pyc\/#primaryimage","url":"https:\/\/encontroamigosdoradio.com.br\/wp-content\/uploads\/2025\/10\/L8A1758.jpg","contentUrl":"https:\/\/encontroamigosdoradio.com.br\/wp-content\/uploads\/2025\/10\/L8A1758.jpg","width":1000,"height":667},{"@type":"BreadcrumbList","@id":"https:\/\/encontroamigosdoradio.com.br\/index.php\/2025\/10\/19\/cobertura-do-maior-encontro-de-radioamadores-do-brasil-artur-nogueira-2025-por-pu2pyc\/#breadcrumb","itemListElement":[{"@type":"ListItem","position":1,"name":"In\u00edcio","item":"https:\/\/encontroamigosdoradio.com.br\/"},{"@type":"ListItem","position":2,"name":"Cobertura do maior encontro de radioamadores do Brasil Artur Nogueira 2025 por pu2pyc"}]},{"@type":"WebSite","@id":"https:\/\/encontroamigosdoradio.com.br\/#website","url":"https:\/\/encontroamigosdoradio.com.br\/","name":"Encontro Amigos do R\u00e1dio","description":"Onde a paix\u00e3o vira comunica\u00e7\u00e3o e amizade vira fam\u00edlia","publisher":{"@id":"https:\/\/encontroamigosdoradio.com.br\/#organization"},"potentialAction":[{"@type":"SearchAction","target":{"@type":"EntryPoint","urlTemplate":"https:\/\/encontroamigosdoradio.com.br\/?s={search_term_string}"},"query-input":{"@type":"PropertyValueSpecification","valueRequired":true,"valueName":"search_term_string"}}],"inLanguage":"pt-BR"},{"@type":"Organization","@id":"https:\/\/encontroamigosdoradio.com.br\/#organization","name":"Encontro Amigos do R\u00e1dio","url":"https:\/\/encontroamigosdoradio.com.br\/","logo":{"@type":"ImageObject","inLanguage":"pt-BR","@id":"https:\/\/encontroamigosdoradio.com.br\/#\/schema\/logo\/image\/","url":"https:\/\/encontroamigosdoradio.com.br\/wp-content\/uploads\/2025\/02\/banner1-dia12102025.png","contentUrl":"https:\/\/encontroamigosdoradio.com.br\/wp-content\/uploads\/2025\/02\/banner1-dia12102025.png","width":580,"height":300,"caption":"Encontro Amigos do R\u00e1dio"},"image":{"@id":"https:\/\/encontroamigosdoradio.com.br\/#\/schema\/logo\/image\/"}},{"@type":"Person","@id":"https:\/\/encontroamigosdoradio.com.br\/#\/schema\/person\/d6e110451ebb586b25023605897f1ddc","name":"Rubens Zolotujin","image":{"@type":"ImageObject","inLanguage":"pt-BR","@id":"https:\/\/secure.gravatar.com\/avatar\/75203a53777d93c2944e43b42c5c0182dcdfd065132431fdb6476d9ace333e73?s=96&d=mm&r=g","url":"https:\/\/secure.gravatar.com\/avatar\/75203a53777d93c2944e43b42c5c0182dcdfd065132431fdb6476d9ace333e73?s=96&d=mm&r=g","contentUrl":"https:\/\/secure.gravatar.com\/avatar\/75203a53777d93c2944e43b42c5c0182dcdfd065132431fdb6476d9ace333e73?s=96&d=mm&r=g","caption":"Rubens Zolotujin"},"description":"Rubens Zolotujin \u00e9 verdadeiramente um indiv\u00edduo not\u00e1vel que combina uma profunda paix\u00e3o por radioamadorismo, vasto conhecimento em tecnologia e cyberseguran\u00e7a, al\u00e9m de uma sede insaci\u00e1vel por aprender e viajar. Seu comprometimento com o aprimoramento pessoal e a explora\u00e7\u00e3o do mundo fazem dele uma figura inspiradora e respeitada em sua comunidade e al\u00e9m.","sameAs":["https:\/\/encontroamigosdoradio.com.br"],"url":"https:\/\/encontroamigosdoradio.com.br\/index.php\/author\/py2ve\/"}]}},"_links":{"self":[{"href":"https:\/\/encontroamigosdoradio.com.br\/index.php\/wp-json\/wp\/v2\/posts\/1366","targetHints":{"allow":["GET"]}}],"collection":[{"href":"https:\/\/encontroamigosdoradio.com.br\/index.php\/wp-json\/wp\/v2\/posts"}],"about":[{"href":"https:\/\/encontroamigosdoradio.com.br\/index.php\/wp-json\/wp\/v2\/types\/post"}],"author":[{"embeddable":true,"href":"https:\/\/encontroamigosdoradio.com.br\/index.php\/wp-json\/wp\/v2\/users\/1"}],"replies":[{"embeddable":true,"href":"https:\/\/encontroamigosdoradio.com.br\/index.php\/wp-json\/wp\/v2\/comments?post=1366"}],"version-history":[{"count":2,"href":"https:\/\/encontroamigosdoradio.com.br\/index.php\/wp-json\/wp\/v2\/posts\/1366\/revisions"}],"predecessor-version":[{"id":1368,"href":"https:\/\/encontroamigosdoradio.com.br\/index.php\/wp-json\/wp\/v2\/posts\/1366\/revisions\/1368"}],"wp:featuredmedia":[{"embeddable":true,"href":"https:\/\/encontroamigosdoradio.com.br\/index.php\/wp-json\/wp\/v2\/media\/1134"}],"wp:attachment":[{"href":"https:\/\/encontroamigosdoradio.com.br\/index.php\/wp-json\/wp\/v2\/media?parent=1366"}],"wp:term":[{"taxonomy":"category","embeddable":true,"href":"https:\/\/encontroamigosdoradio.com.br\/index.php\/wp-json\/wp\/v2\/categories?post=1366"},{"taxonomy":"post_tag","embeddable":true,"href":"https:\/\/encontroamigosdoradio.com.br\/index.php\/wp-json\/wp\/v2\/tags?post=1366"}],"curies":[{"name":"wp","href":"https:\/\/api.w.org\/{rel}","templated":true}]}}