{"id":1580,"date":"2026-09-02T12:17:53","date_gmt":"2026-09-02T15:17:53","guid":{"rendered":"https:\/\/encontroamigosdoradio.com.br\/?p=1580"},"modified":"2026-09-02T12:17:54","modified_gmt":"2026-09-02T15:17:54","slug":"convite-do-amigos-jeferson-pu2pyc-para-virem-ao-encontro-amigos-do-radio","status":"publish","type":"post","link":"https:\/\/encontroamigosdoradio.com.br\/index.php\/2026\/09\/02\/convite-do-amigos-jeferson-pu2pyc-para-virem-ao-encontro-amigos-do-radio\/","title":{"rendered":"Convite do amigos Jeferson PU2PYC para virem ao Encontro Amigos do R\u00e1dio"},"content":{"rendered":"\n<p class=\"wp-block-paragraph\"><\/p>\n\n\n\n<figure class=\"wp-block-embed is-type-video is-provider-youtube wp-block-embed-youtube wp-embed-aspect-16-9 wp-has-aspect-ratio\"><div class=\"wp-block-embed__wrapper\">\n<iframe loading=\"lazy\" title=\"Convite encontro Ibiuna e Artur Nogueira - SP\" width=\"640\" height=\"360\" src=\"https:\/\/www.youtube.com\/embed\/wqCUR-J0ibg?feature=oembed\" frameborder=\"0\" allow=\"accelerometer; autoplay; clipboard-write; encrypted-media; gyroscope; picture-in-picture; web-share\" referrerpolicy=\"strict-origin-when-cross-origin\" allowfullscreen><\/iframe>\n<\/div><\/figure>\n\n\n\n<h2 class=\"wp-block-heading\">Convite de Jeferson PU2PYC para todos radioamadores e px<\/h2>\n\n\n\n<p class=\"wp-block-paragraph\">Assista o convite J\u00e9ferson pu2pyc para todos radioamadores e px faixa do cidad\u00e3o para virem ao encontro de artur nogueira. O comunicado \u00e9 feito pelo PU2PYC Jeferson.<\/p>\n\n\n\n<p class=\"wp-block-paragraph\"><\/p>\n","protected":false},"excerpt":{"rendered":"<p>Convite de Jeferson PU2PYC para todos radioamadores e px Assista o convite J\u00e9ferson pu2pyc para todos radioamadores e px faixa do cidad\u00e3o para virem ao encontro de artur nogueira. O comunicado \u00e9 feito pelo PU2PYC Jeferson.<\/p>\n","protected":false},"author":1,"featured_media":1581,"comment_status":"open","ping_status":"open","sticky":false,"template":"","format":"standard","meta":{"footnotes":""},"categories":[264,4],"tags":[14,7,8,230,67,19],"class_list":["post-1580","post","type-post","status-publish","format-standard","has-post-thumbnail","hentry","category-264","category-novidade","tag-artur-nogueira","tag-convite","tag-encontro","tag-jeferson","tag-pu2pyc","tag-radioamadores"],"aioseo_notices":[],"aioseo_head":"\n\t\t<!-- All in One SEO 5.0.1.1 - aioseo.com -->\n\t<meta name=\"description\" content=\"Convite jeferson pu2pyc para todos radioamadores e px: assista ao v\u00eddeo do 6\u00ba Encontro Amigos do R\u00e1dio e compartilhe com seus contatos.\" \/>\n\t<meta name=\"robots\" content=\"max-image-preview:large\" \/>\n\t<meta name=\"author\" content=\"Rubens Zolotujin\"\/>\n\t<link rel=\"canonical\" href=\"https:\/\/encontroamigosdoradio.com.br\/index.php\/2026\/09\/02\/convite-do-amigos-jeferson-pu2pyc-para-virem-ao-encontro-amigos-do-radio\/\" \/>\n\t<meta name=\"generator\" content=\"All in One SEO (AIOSEO) 5.0.1.1\" \/>\n\t\t<meta property=\"og:locale\" content=\"pt_BR\" \/>\n\t\t<meta property=\"og:site_name\" content=\"6\u00ba Encontro Amigos do R\u00e1dio 11\/10\/2026 - Onde a paix\u00e3o vira comunica\u00e7\u00e3o e amizade vira fam\u00edlia\" \/>\n\t\t<meta property=\"og:type\" content=\"article\" \/>\n\t\t<meta property=\"og:title\" content=\"convite jeferson pu2pyc para todos radioamadores e px faixa do cidad\u00e3o para virem ao encontro\" \/>\n\t\t<meta property=\"og:description\" content=\"Convite jeferson pu2pyc para todos radioamadores e px: assista ao v\u00eddeo do 6\u00ba Encontro Amigos do R\u00e1dio e compartilhe com seus contatos.\" \/>\n\t\t<meta property=\"og:url\" content=\"https:\/\/encontroamigosdoradio.com.br\/index.php\/2026\/09\/02\/convite-do-amigos-jeferson-pu2pyc-para-virem-ao-encontro-amigos-do-radio\/\" \/>\n\t\t<meta property=\"og:image\" content=\"https:\/\/encontroamigosdoradio.com.br\/wp-content\/uploads\/2026\/07\/cropped-banner-01.png\" \/>\n\t\t<meta property=\"og:image:secure_url\" content=\"https:\/\/encontroamigosdoradio.com.br\/wp-content\/uploads\/2026\/07\/cropped-banner-01.png\" \/>\n\t\t<meta property=\"og:image:width\" content=\"1919\" \/>\n\t\t<meta property=\"og:image:height\" content=\"600\" \/>\n\t\t<meta property=\"article:published_time\" content=\"2026-09-02T15:17:53+00:00\" \/>\n\t\t<meta property=\"article:modified_time\" content=\"2026-09-02T15:17:54+00:00\" \/>\n\t\t<meta name=\"twitter:card\" content=\"summary_large_image\" \/>\n\t\t<meta name=\"twitter:title\" content=\"convite jeferson pu2pyc para todos radioamadores e px faixa do cidad\u00e3o para virem ao encontro\" \/>\n\t\t<meta name=\"twitter:description\" content=\"Convite jeferson pu2pyc para todos radioamadores e px: assista ao v\u00eddeo do 6\u00ba Encontro Amigos do R\u00e1dio e compartilhe com seus contatos.\" \/>\n\t\t<meta name=\"twitter:image\" content=\"https:\/\/encontroamigosdoradio.com.br\/wp-content\/uploads\/2026\/07\/cropped-banner-01.png\" \/>\n\t\t<script type=\"application\/ld+json\" class=\"aioseo-schema\">\n\t\t\t{\"@context\":\"https:\\\/\\\/schema.org\",\"@graph\":[{\"@type\":\"BlogPosting\",\"@id\":\"https:\\\/\\\/encontroamigosdoradio.com.br\\\/index.php\\\/2026\\\/09\\\/02\\\/convite-do-amigos-jeferson-pu2pyc-para-virem-ao-encontro-amigos-do-radio\\\/#blogposting\",\"name\":\"convite jeferson pu2pyc para todos radioamadores e px faixa do cidad\\u00e3o para virem ao encontro\",\"headline\":\"Convite do amigos Jeferson PU2PYC para virem ao Encontro Amigos do R\\u00e1dio\",\"author\":{\"@id\":\"https:\\\/\\\/encontroamigosdoradio.com.br\\\/index.php\\\/author\\\/py2ve\\\/#author\"},\"publisher\":{\"@id\":\"https:\\\/\\\/encontroamigosdoradio.com.br\\\/#organization\"},\"image\":{\"@type\":\"ImageObject\",\"url\":\"https:\\\/\\\/encontroamigosdoradio.com.br\\\/wp-content\\\/uploads\\\/2026\\\/09\\\/convite-jeff-encontro.png\",\"width\":1281,\"height\":750},\"datePublished\":\"2026-09-02T12:17:53-03:00\",\"dateModified\":\"2026-09-02T12:17:54-03:00\",\"inLanguage\":\"pt-BR\",\"mainEntityOfPage\":{\"@id\":\"https:\\\/\\\/encontroamigosdoradio.com.br\\\/index.php\\\/2026\\\/09\\\/02\\\/convite-do-amigos-jeferson-pu2pyc-para-virem-ao-encontro-amigos-do-radio\\\/#webpage\"},\"isPartOf\":{\"@id\":\"https:\\\/\\\/encontroamigosdoradio.com.br\\\/index.php\\\/2026\\\/09\\\/02\\\/convite-do-amigos-jeferson-pu2pyc-para-virem-ao-encontro-amigos-do-radio\\\/#webpage\"},\"articleSection\":\"2026, Novidade, artur nogueira, Convite, encontro, jeferson, pu2pyc, radioamadores\"},{\"@type\":\"BreadcrumbList\",\"@id\":\"https:\\\/\\\/encontroamigosdoradio.com.br\\\/index.php\\\/2026\\\/09\\\/02\\\/convite-do-amigos-jeferson-pu2pyc-para-virem-ao-encontro-amigos-do-radio\\\/#breadcrumblist\",\"itemListElement\":[{\"@type\":\"ListItem\",\"@id\":\"https:\\\/\\\/encontroamigosdoradio.com.br#listItem\",\"position\":1,\"name\":\"Home\",\"item\":\"https:\\\/\\\/encontroamigosdoradio.com.br\",\"nextItem\":{\"@type\":\"ListItem\",\"@id\":\"https:\\\/\\\/encontroamigosdoradio.com.br\\\/index.php\\\/category\\\/novidade\\\/#listItem\",\"name\":\"Novidade\"}},{\"@type\":\"ListItem\",\"@id\":\"https:\\\/\\\/encontroamigosdoradio.com.br\\\/index.php\\\/category\\\/novidade\\\/#listItem\",\"position\":2,\"name\":\"Novidade\",\"item\":\"https:\\\/\\\/encontroamigosdoradio.com.br\\\/index.php\\\/category\\\/novidade\\\/\",\"nextItem\":{\"@type\":\"ListItem\",\"@id\":\"https:\\\/\\\/encontroamigosdoradio.com.br\\\/index.php\\\/2026\\\/09\\\/02\\\/convite-do-amigos-jeferson-pu2pyc-para-virem-ao-encontro-amigos-do-radio\\\/#listItem\",\"name\":\"Convite do amigos Jeferson PU2PYC para virem ao Encontro Amigos do R\\u00e1dio\"},\"previousItem\":{\"@type\":\"ListItem\",\"@id\":\"https:\\\/\\\/encontroamigosdoradio.com.br#listItem\",\"name\":\"Home\"}},{\"@type\":\"ListItem\",\"@id\":\"https:\\\/\\\/encontroamigosdoradio.com.br\\\/index.php\\\/2026\\\/09\\\/02\\\/convite-do-amigos-jeferson-pu2pyc-para-virem-ao-encontro-amigos-do-radio\\\/#listItem\",\"position\":3,\"name\":\"Convite do amigos Jeferson PU2PYC para virem ao Encontro Amigos do R\\u00e1dio\",\"previousItem\":{\"@type\":\"ListItem\",\"@id\":\"https:\\\/\\\/encontroamigosdoradio.com.br\\\/index.php\\\/category\\\/novidade\\\/#listItem\",\"name\":\"Novidade\"}}]},{\"@type\":\"Organization\",\"@id\":\"https:\\\/\\\/encontroamigosdoradio.com.br\\\/#organization\",\"name\":\"6\\u00ba Encontro Amigos do R\\u00e1dio 11\\\/10\\\/2026\",\"description\":\"Onde a paix\\u00e3o vira comunica\\u00e7\\u00e3o e amizade vira fam\\u00edlia\",\"url\":\"https:\\\/\\\/encontroamigosdoradio.com.br\\\/\",\"logo\":{\"@type\":\"ImageObject\",\"url\":\"https:\\\/\\\/encontroamigosdoradio.com.br\\\/wp-content\\\/uploads\\\/2026\\\/07\\\/cropped-banner-01.png\",\"@id\":\"https:\\\/\\\/encontroamigosdoradio.com.br\\\/index.php\\\/2026\\\/09\\\/02\\\/convite-do-amigos-jeferson-pu2pyc-para-virem-ao-encontro-amigos-do-radio\\\/#organizationLogo\",\"width\":1919,\"height\":600},\"image\":{\"@id\":\"https:\\\/\\\/encontroamigosdoradio.com.br\\\/index.php\\\/2026\\\/09\\\/02\\\/convite-do-amigos-jeferson-pu2pyc-para-virem-ao-encontro-amigos-do-radio\\\/#organizationLogo\"}},{\"@type\":\"Person\",\"@id\":\"https:\\\/\\\/encontroamigosdoradio.com.br\\\/index.php\\\/author\\\/py2ve\\\/#author\",\"url\":\"https:\\\/\\\/encontroamigosdoradio.com.br\\\/index.php\\\/author\\\/py2ve\\\/\",\"name\":\"Rubens Zolotujin\",\"image\":{\"@type\":\"ImageObject\",\"@id\":\"https:\\\/\\\/encontroamigosdoradio.com.br\\\/index.php\\\/2026\\\/09\\\/02\\\/convite-do-amigos-jeferson-pu2pyc-para-virem-ao-encontro-amigos-do-radio\\\/#authorImage\",\"url\":\"https:\\\/\\\/secure.gravatar.com\\\/avatar\\\/75203a53777d93c2944e43b42c5c0182dcdfd065132431fdb6476d9ace333e73?s=96&d=mm&r=g\",\"width\":96,\"height\":96,\"caption\":\"Rubens Zolotujin\"}},{\"@type\":\"WebPage\",\"@id\":\"https:\\\/\\\/encontroamigosdoradio.com.br\\\/index.php\\\/2026\\\/09\\\/02\\\/convite-do-amigos-jeferson-pu2pyc-para-virem-ao-encontro-amigos-do-radio\\\/#webpage\",\"url\":\"https:\\\/\\\/encontroamigosdoradio.com.br\\\/index.php\\\/2026\\\/09\\\/02\\\/convite-do-amigos-jeferson-pu2pyc-para-virem-ao-encontro-amigos-do-radio\\\/\",\"name\":\"convite jeferson pu2pyc para todos radioamadores e px faixa do cidad\\u00e3o para virem ao encontro\",\"description\":\"Convite jeferson pu2pyc para todos radioamadores e px: assista ao v\\u00eddeo do 6\\u00ba Encontro Amigos do R\\u00e1dio e compartilhe com seus contatos.\",\"inLanguage\":\"pt-BR\",\"isPartOf\":{\"@id\":\"https:\\\/\\\/encontroamigosdoradio.com.br\\\/#website\"},\"breadcrumb\":{\"@id\":\"https:\\\/\\\/encontroamigosdoradio.com.br\\\/index.php\\\/2026\\\/09\\\/02\\\/convite-do-amigos-jeferson-pu2pyc-para-virem-ao-encontro-amigos-do-radio\\\/#breadcrumblist\"},\"author\":{\"@id\":\"https:\\\/\\\/encontroamigosdoradio.com.br\\\/index.php\\\/author\\\/py2ve\\\/#author\"},\"creator\":{\"@id\":\"https:\\\/\\\/encontroamigosdoradio.com.br\\\/index.php\\\/author\\\/py2ve\\\/#author\"},\"image\":{\"@type\":\"ImageObject\",\"url\":\"https:\\\/\\\/encontroamigosdoradio.com.br\\\/wp-content\\\/uploads\\\/2026\\\/09\\\/convite-jeff-encontro.png\",\"@id\":\"https:\\\/\\\/encontroamigosdoradio.com.br\\\/index.php\\\/2026\\\/09\\\/02\\\/convite-do-amigos-jeferson-pu2pyc-para-virem-ao-encontro-amigos-do-radio\\\/#mainImage\",\"width\":1281,\"height\":750},\"primaryImageOfPage\":{\"@id\":\"https:\\\/\\\/encontroamigosdoradio.com.br\\\/index.php\\\/2026\\\/09\\\/02\\\/convite-do-amigos-jeferson-pu2pyc-para-virem-ao-encontro-amigos-do-radio\\\/#mainImage\"},\"datePublished\":\"2026-09-02T12:17:53-03:00\",\"dateModified\":\"2026-09-02T12:17:54-03:00\"},{\"@type\":\"WebSite\",\"@id\":\"https:\\\/\\\/encontroamigosdoradio.com.br\\\/#website\",\"url\":\"https:\\\/\\\/encontroamigosdoradio.com.br\\\/\",\"name\":\"6\\u00ba Encontro Amigos do R\\u00e1dio 11\\\/10\\\/2026\",\"description\":\"Onde a paix\\u00e3o vira comunica\\u00e7\\u00e3o e amizade vira fam\\u00edlia\",\"inLanguage\":\"pt-BR\",\"publisher\":{\"@id\":\"https:\\\/\\\/encontroamigosdoradio.com.br\\\/#organization\"}}]}\n\t\t<\/script>\n\t\t<!-- All in One SEO -->\n\n","aioseo_head_json":{"title":"convite jeferson pu2pyc para todos radioamadores e px faixa do cidad\u00e3o para virem ao encontro","description":"Convite jeferson pu2pyc para todos radioamadores e px: assista ao v\u00eddeo do 6\u00ba Encontro Amigos do R\u00e1dio e compartilhe com seus contatos.","canonical_url":"https:\/\/encontroamigosdoradio.com.br\/index.php\/2026\/09\/02\/convite-do-amigos-jeferson-pu2pyc-para-virem-ao-encontro-amigos-do-radio\/","robots":"max-image-preview:large","keywords":"","webmasterTools":{"miscellaneous":""},"schema":{"@context":"https:\/\/schema.org","@graph":[{"@type":"BlogPosting","@id":"https:\/\/encontroamigosdoradio.com.br\/index.php\/2026\/09\/02\/convite-do-amigos-jeferson-pu2pyc-para-virem-ao-encontro-amigos-do-radio\/#blogposting","name":"convite jeferson pu2pyc para todos radioamadores e px faixa do cidad\u00e3o para virem ao encontro","headline":"Convite do amigos Jeferson PU2PYC para virem ao Encontro Amigos do R\u00e1dio","author":{"@id":"https:\/\/encontroamigosdoradio.com.br\/index.php\/author\/py2ve\/#author"},"publisher":{"@id":"https:\/\/encontroamigosdoradio.com.br\/#organization"},"image":{"@type":"ImageObject","url":"https:\/\/encontroamigosdoradio.com.br\/wp-content\/uploads\/2026\/09\/convite-jeff-encontro.png","width":1281,"height":750},"datePublished":"2026-09-02T12:17:53-03:00","dateModified":"2026-09-02T12:17:54-03:00","inLanguage":"pt-BR","mainEntityOfPage":{"@id":"https:\/\/encontroamigosdoradio.com.br\/index.php\/2026\/09\/02\/convite-do-amigos-jeferson-pu2pyc-para-virem-ao-encontro-amigos-do-radio\/#webpage"},"isPartOf":{"@id":"https:\/\/encontroamigosdoradio.com.br\/index.php\/2026\/09\/02\/convite-do-amigos-jeferson-pu2pyc-para-virem-ao-encontro-amigos-do-radio\/#webpage"},"articleSection":"2026, Novidade, artur nogueira, Convite, encontro, jeferson, pu2pyc, radioamadores"},{"@type":"BreadcrumbList","@id":"https:\/\/encontroamigosdoradio.com.br\/index.php\/2026\/09\/02\/convite-do-amigos-jeferson-pu2pyc-para-virem-ao-encontro-amigos-do-radio\/#breadcrumblist","itemListElement":[{"@type":"ListItem","@id":"https:\/\/encontroamigosdoradio.com.br#listItem","position":1,"name":"Home","item":"https:\/\/encontroamigosdoradio.com.br","nextItem":{"@type":"ListItem","@id":"https:\/\/encontroamigosdoradio.com.br\/index.php\/category\/novidade\/#listItem","name":"Novidade"}},{"@type":"ListItem","@id":"https:\/\/encontroamigosdoradio.com.br\/index.php\/category\/novidade\/#listItem","position":2,"name":"Novidade","item":"https:\/\/encontroamigosdoradio.com.br\/index.php\/category\/novidade\/","nextItem":{"@type":"ListItem","@id":"https:\/\/encontroamigosdoradio.com.br\/index.php\/2026\/09\/02\/convite-do-amigos-jeferson-pu2pyc-para-virem-ao-encontro-amigos-do-radio\/#listItem","name":"Convite do amigos Jeferson PU2PYC para virem ao Encontro Amigos do R\u00e1dio"},"previousItem":{"@type":"ListItem","@id":"https:\/\/encontroamigosdoradio.com.br#listItem","name":"Home"}},{"@type":"ListItem","@id":"https:\/\/encontroamigosdoradio.com.br\/index.php\/2026\/09\/02\/convite-do-amigos-jeferson-pu2pyc-para-virem-ao-encontro-amigos-do-radio\/#listItem","position":3,"name":"Convite do amigos Jeferson PU2PYC para virem ao Encontro Amigos do R\u00e1dio","previousItem":{"@type":"ListItem","@id":"https:\/\/encontroamigosdoradio.com.br\/index.php\/category\/novidade\/#listItem","name":"Novidade"}}]},{"@type":"Organization","@id":"https:\/\/encontroamigosdoradio.com.br\/#organization","name":"6\u00ba Encontro Amigos do R\u00e1dio 11\/10\/2026","description":"Onde a paix\u00e3o vira comunica\u00e7\u00e3o e amizade vira fam\u00edlia","url":"https:\/\/encontroamigosdoradio.com.br\/","logo":{"@type":"ImageObject","url":"https:\/\/encontroamigosdoradio.com.br\/wp-content\/uploads\/2026\/07\/cropped-banner-01.png","@id":"https:\/\/encontroamigosdoradio.com.br\/index.php\/2026\/09\/02\/convite-do-amigos-jeferson-pu2pyc-para-virem-ao-encontro-amigos-do-radio\/#organizationLogo","width":1919,"height":600},"image":{"@id":"https:\/\/encontroamigosdoradio.com.br\/index.php\/2026\/09\/02\/convite-do-amigos-jeferson-pu2pyc-para-virem-ao-encontro-amigos-do-radio\/#organizationLogo"}},{"@type":"Person","@id":"https:\/\/encontroamigosdoradio.com.br\/index.php\/author\/py2ve\/#author","url":"https:\/\/encontroamigosdoradio.com.br\/index.php\/author\/py2ve\/","name":"Rubens Zolotujin","image":{"@type":"ImageObject","@id":"https:\/\/encontroamigosdoradio.com.br\/index.php\/2026\/09\/02\/convite-do-amigos-jeferson-pu2pyc-para-virem-ao-encontro-amigos-do-radio\/#authorImage","url":"https:\/\/secure.gravatar.com\/avatar\/75203a53777d93c2944e43b42c5c0182dcdfd065132431fdb6476d9ace333e73?s=96&d=mm&r=g","width":96,"height":96,"caption":"Rubens Zolotujin"}},{"@type":"WebPage","@id":"https:\/\/encontroamigosdoradio.com.br\/index.php\/2026\/09\/02\/convite-do-amigos-jeferson-pu2pyc-para-virem-ao-encontro-amigos-do-radio\/#webpage","url":"https:\/\/encontroamigosdoradio.com.br\/index.php\/2026\/09\/02\/convite-do-amigos-jeferson-pu2pyc-para-virem-ao-encontro-amigos-do-radio\/","name":"convite jeferson pu2pyc para todos radioamadores e px faixa do cidad\u00e3o para virem ao encontro","description":"Convite jeferson pu2pyc para todos radioamadores e px: assista ao v\u00eddeo do 6\u00ba Encontro Amigos do R\u00e1dio e compartilhe com seus contatos.","inLanguage":"pt-BR","isPartOf":{"@id":"https:\/\/encontroamigosdoradio.com.br\/#website"},"breadcrumb":{"@id":"https:\/\/encontroamigosdoradio.com.br\/index.php\/2026\/09\/02\/convite-do-amigos-jeferson-pu2pyc-para-virem-ao-encontro-amigos-do-radio\/#breadcrumblist"},"author":{"@id":"https:\/\/encontroamigosdoradio.com.br\/index.php\/author\/py2ve\/#author"},"creator":{"@id":"https:\/\/encontroamigosdoradio.com.br\/index.php\/author\/py2ve\/#author"},"image":{"@type":"ImageObject","url":"https:\/\/encontroamigosdoradio.com.br\/wp-content\/uploads\/2026\/09\/convite-jeff-encontro.png","@id":"https:\/\/encontroamigosdoradio.com.br\/index.php\/2026\/09\/02\/convite-do-amigos-jeferson-pu2pyc-para-virem-ao-encontro-amigos-do-radio\/#mainImage","width":1281,"height":750},"primaryImageOfPage":{"@id":"https:\/\/encontroamigosdoradio.com.br\/index.php\/2026\/09\/02\/convite-do-amigos-jeferson-pu2pyc-para-virem-ao-encontro-amigos-do-radio\/#mainImage"},"datePublished":"2026-09-02T12:17:53-03:00","dateModified":"2026-09-02T12:17:54-03:00"},{"@type":"WebSite","@id":"https:\/\/encontroamigosdoradio.com.br\/#website","url":"https:\/\/encontroamigosdoradio.com.br\/","name":"6\u00ba Encontro Amigos do R\u00e1dio 11\/10\/2026","description":"Onde a paix\u00e3o vira comunica\u00e7\u00e3o e amizade vira fam\u00edlia","inLanguage":"pt-BR","publisher":{"@id":"https:\/\/encontroamigosdoradio.com.br\/#organization"}}]},"og:locale":"pt_BR","og:site_name":"6\u00ba Encontro Amigos do R\u00e1dio 11\/10\/2026 - Onde a paix\u00e3o vira comunica\u00e7\u00e3o e amizade vira fam\u00edlia","og:type":"article","og:title":"convite jeferson pu2pyc para todos radioamadores e px faixa do cidad\u00e3o para virem ao encontro","og:description":"Convite jeferson pu2pyc para todos radioamadores e px: assista ao v\u00eddeo do 6\u00ba Encontro Amigos do R\u00e1dio e compartilhe com seus contatos.","og:url":"https:\/\/encontroamigosdoradio.com.br\/index.php\/2026\/09\/02\/convite-do-amigos-jeferson-pu2pyc-para-virem-ao-encontro-amigos-do-radio\/","og:image":"https:\/\/encontroamigosdoradio.com.br\/wp-content\/uploads\/2026\/07\/cropped-banner-01.png","og:image:secure_url":"https:\/\/encontroamigosdoradio.com.br\/wp-content\/uploads\/2026\/07\/cropped-banner-01.png","og:image:width":1919,"og:image:height":600,"article:published_time":"2026-09-02T15:17:53+00:00","article:modified_time":"2026-09-02T15:17:54+00:00","twitter:card":"summary_large_image","twitter:title":"convite jeferson pu2pyc para todos radioamadores e px faixa do cidad\u00e3o para virem ao encontro","twitter:description":"Convite jeferson pu2pyc para todos radioamadores e px: assista ao v\u00eddeo do 6\u00ba Encontro Amigos do R\u00e1dio e compartilhe com seus contatos.","twitter:image":"https:\/\/encontroamigosdoradio.com.br\/wp-content\/uploads\/2026\/07\/cropped-banner-01.png"},"aioseo_meta_data":{"post_id":"1580","title":"convite jeferson pu2pyc para todos radioamadores e px faixa do cidad\u00e3o para virem ao encontro","description":"Convite jeferson pu2pyc para todos radioamadores e px: assista ao v\u00eddeo do 6\u00ba Encontro Amigos do R\u00e1dio e compartilhe com seus contatos.","keywords":null,"keyphrases":{"focus":{"keyphrase":"convite jeferson pu2pyc para todos radioamadores e px faixa do cidad\u00e3o para virem ao encontro de artur nogueira","score":0,"analysis":[]},"additional":[]},"primary_term":null,"canonical_url":null,"og_title":null,"og_description":null,"og_object_type":"default","og_image_type":"default","og_image_custom_url":null,"og_image_custom_fields":null,"og_image_url":null,"og_image_width":null,"og_image_height":null,"og_video":"","og_custom_url":null,"og_article_section":null,"og_article_tags":null,"twitter_use_og":false,"twitter_card":"default","twitter_image_type":"default","twitter_image_custom_url":null,"twitter_image_custom_fields":null,"twitter_image_url":null,"twitter_title":null,"twitter_description":null,"schema_type":"default","schema_type_options":null,"schema":{"blockGraphs":[],"customGraphs":[],"default":{"data":{"Article":[],"Course":[],"Dataset":[],"FAQPage":[],"Movie":[],"Person":[],"Product":[],"ProductReview":[],"Car":[],"Recipe":[],"Service":[],"SoftwareApplication":[],"WebPage":[]},"graphName":"BlogPosting","isEnabled":true},"graphs":[]},"pillar_content":false,"robots_default":true,"robots_noindex":false,"robots_noarchive":false,"robots_nosnippet":false,"robots_nofollow":false,"robots_noimageindex":false,"robots_noodp":false,"robots_notranslate":false,"robots_max_snippet":"-1","robots_max_videopreview":"-1","robots_max_imagepreview":"large","priority":null,"frequency":"default","local_seo":null,"limit_modified_date":false,"ai":{"faqs":[],"keyPoints":[],"schemas":[],"titles":[],"descriptions":[],"socialPosts":{"email":{"subject":"","preview":"","content":""},"linkedin":[],"twitter":[],"facebook":[],"instagram":[]}},"breadcrumb_settings":null,"seo_analyzer_scan_date":null,"created":"2026-09-02 15:17:08","updated":"2026-09-02 16:10:41","focus_keyword":"convite jeferson pu2pyc para todos radioamadores e px faixa do cidad\u00e3o para virem ao encontro de artur nogueira","additional_keywords":null,"truseo_locale":null},"aioseo_breadcrumb":"<div class=\"aioseo-breadcrumbs\"><span class=\"aioseo-breadcrumb\">\n\t\t\t<a href=\"https:\/\/encontroamigosdoradio.com.br\" title=\"Home\">Home<\/a>\n\t\t<\/span><span class=\"aioseo-breadcrumb-separator\">&raquo;<\/span><span class=\"aioseo-breadcrumb\">\n\t\t\t<a href=\"https:\/\/encontroamigosdoradio.com.br\/index.php\/category\/novidade\/\" title=\"Novidade\">Novidade<\/a>\n\t\t<\/span><span class=\"aioseo-breadcrumb-separator\">&raquo;<\/span><span class=\"aioseo-breadcrumb\">\n\t\t\tConvite do amigos Jeferson PU2PYC para virem ao Encontro Amigos do R\u00e1dio\n\t\t<\/span><\/div>","aioseo_breadcrumb_json":[{"label":"Home","link":"https:\/\/encontroamigosdoradio.com.br"},{"label":"Novidade","link":"https:\/\/encontroamigosdoradio.com.br\/index.php\/category\/novidade\/"},{"label":"Convite do amigos Jeferson PU2PYC para virem ao Encontro Amigos do R\u00e1dio","link":"https:\/\/encontroamigosdoradio.com.br\/index.php\/2026\/09\/02\/convite-do-amigos-jeferson-pu2pyc-para-virem-ao-encontro-amigos-do-radio\/"}],"_links":{"self":[{"href":"https:\/\/encontroamigosdoradio.com.br\/index.php\/wp-json\/wp\/v2\/posts\/1580","targetHints":{"allow":["GET"]}}],"collection":[{"href":"https:\/\/encontroamigosdoradio.com.br\/index.php\/wp-json\/wp\/v2\/posts"}],"about":[{"href":"https:\/\/encontroamigosdoradio.com.br\/index.php\/wp-json\/wp\/v2\/types\/post"}],"author":[{"embeddable":true,"href":"https:\/\/encontroamigosdoradio.com.br\/index.php\/wp-json\/wp\/v2\/users\/1"}],"replies":[{"embeddable":true,"href":"https:\/\/encontroamigosdoradio.com.br\/index.php\/wp-json\/wp\/v2\/comments?post=1580"}],"version-history":[{"count":2,"href":"https:\/\/encontroamigosdoradio.com.br\/index.php\/wp-json\/wp\/v2\/posts\/1580\/revisions"}],"predecessor-version":[{"id":1583,"href":"https:\/\/encontroamigosdoradio.com.br\/index.php\/wp-json\/wp\/v2\/posts\/1580\/revisions\/1583"}],"wp:featuredmedia":[{"embeddable":true,"href":"https:\/\/encontroamigosdoradio.com.br\/index.php\/wp-json\/wp\/v2\/media\/1581"}],"wp:attachment":[{"href":"https:\/\/encontroamigosdoradio.com.br\/index.php\/wp-json\/wp\/v2\/media?parent=1580"}],"wp:term":[{"taxonomy":"category","embeddable":true,"href":"https:\/\/encontroamigosdoradio.com.br\/index.php\/wp-json\/wp\/v2\/categories?post=1580"},{"taxonomy":"post_tag","embeddable":true,"href":"https:\/\/encontroamigosdoradio.com.br\/index.php\/wp-json\/wp\/v2\/tags?post=1580"}],"curies":[{"name":"wp","href":"https:\/\/api.w.org\/{rel}","templated":true}]}}