{"id":205,"date":"2024-09-30T10:13:12","date_gmt":"2024-09-30T13:13:12","guid":{"rendered":"https:\/\/encontroamigosdoradio.com.br\/?p=205"},"modified":"2024-09-30T15:21:53","modified_gmt":"2024-09-30T18:21:53","slug":"brindes-a-laser-exclusivos-confira-e-encomende-o-seu-cartao-ou-copo-personalizados","status":"publish","type":"post","link":"https:\/\/encontroamigosdoradio.com.br\/index.php\/2024\/09\/30\/brindes-a-laser-exclusivos-confira-e-encomende-o-seu-cartao-ou-copo-personalizados\/","title":{"rendered":"Brindes a laser exclusivos confira e encomende o seu cart\u00e3o ou copo personalizados"},"content":{"rendered":"\n<p class=\"wp-block-paragraph\">Brindes personalizados especialmente para radioamadores e faixa do cidad\u00e3o.<\/p>\n\n\n\n<figure class=\"wp-block-embed is-type-video is-provider-youtube wp-block-embed-youtube wp-embed-aspect-16-9 wp-has-aspect-ratio\"><div class=\"wp-block-embed__wrapper\">\n<iframe loading=\"lazy\" title=\"Encomende agora seu cart\u00e3o a laser, copo com o logo do encontro de Amigos do R\u00e1dio\" width=\"640\" height=\"360\" src=\"https:\/\/www.youtube.com\/embed\/kYO82ZV2VxY?feature=oembed\" frameborder=\"0\" allow=\"accelerometer; autoplay; clipboard-write; encrypted-media; gyroscope; picture-in-picture; web-share\" referrerpolicy=\"strict-origin-when-cross-origin\" allowfullscreen><\/iframe>\n<\/div><figcaption class=\"wp-element-caption\">Bri<\/figcaption><\/figure>\n\n\n\n<p class=\"wp-block-paragraph\">Encomende agora seu cart\u00e3o a laser, copo com o logo do encontro de Amigos do R\u00e1dio <\/p>\n\n\n\n<p class=\"wp-block-paragraph\">\u201cParticipe do nosso 4\u00ba Encontro de R\u00e1dio Amadores em Artur Nogueira, no dia treze de outubro, e leve para casa um produto exclusivo! Al\u00e9m dos cart\u00f5es personalizados que estaremos oferecendo, tamb\u00e9m trabalhamos com copos t\u00e9rmicos e garrafas t\u00e9rmicas personalizadas. Cada item ser\u00e1 gravado com seu indicativo e contar\u00e1 com um \u00e1udio exclusivo do dia do evento, tornando-se uma lembran\u00e7a \u00fanica da sua participa\u00e7\u00e3o.<\/p>\n\n\n\n<p class=\"wp-block-paragraph\">Esses copos e garrafas n\u00e3o s\u00e3o apenas pr\u00e1ticos, mas tamb\u00e9m refletem o esp\u00edrito do encontro, unindo a paix\u00e3o pelo radioamadorismo com a personaliza\u00e7\u00e3o especial para cada usu\u00e1rio. N\u00e3o perca a oportunidade de ter um produto exclusivo, que representa a sua conex\u00e3o com a comunidade e as experi\u00eancias vividas durante o evento. Esperamos por voc\u00ea para fazer parte desse momento inesquec\u00edvel!\u201d<\/p>\n\n\n\n<p class=\"wp-block-paragraph\">Contato +55 21 97246-2558 Marlon Lopes Brindes <\/p>\n\n\n\n<p class=\"wp-block-paragraph\">Veja abaixo alguns exemplos do trabalho perfeito realizado:<\/p>\n\n\n\n<figure class=\"wp-block-image size-large is-resized\"><img loading=\"lazy\" decoding=\"async\" width=\"1024\" height=\"637\" src=\"https:\/\/encontroamigosdoradio.com.br\/wp-content\/uploads\/2024\/09\/WhatsApp-Image-2024-09-26-at-12.23.39-1024x637.jpeg\" alt=\"\" class=\"wp-image-206\" style=\"width:579px;height:auto\" srcset=\"https:\/\/encontroamigosdoradio.com.br\/wp-content\/uploads\/2024\/09\/WhatsApp-Image-2024-09-26-at-12.23.39-1024x637.jpeg 1024w, https:\/\/encontroamigosdoradio.com.br\/wp-content\/uploads\/2024\/09\/WhatsApp-Image-2024-09-26-at-12.23.39-300x187.jpeg 300w, https:\/\/encontroamigosdoradio.com.br\/wp-content\/uploads\/2024\/09\/WhatsApp-Image-2024-09-26-at-12.23.39-768x478.jpeg 768w, https:\/\/encontroamigosdoradio.com.br\/wp-content\/uploads\/2024\/09\/WhatsApp-Image-2024-09-26-at-12.23.39.jpeg 1435w\" sizes=\"auto, (max-width: 1024px) 100vw, 1024px\" \/><\/figure>\n\n\n\n<figure class=\"wp-block-image size-large is-resized\"><img loading=\"lazy\" decoding=\"async\" width=\"768\" height=\"1024\" src=\"https:\/\/encontroamigosdoradio.com.br\/wp-content\/uploads\/2024\/09\/WhatsApp-Image-2024-09-26-at-12.23.131-768x1024.jpeg\" alt=\"\" class=\"wp-image-207\" style=\"width:564px;height:auto\" srcset=\"https:\/\/encontroamigosdoradio.com.br\/wp-content\/uploads\/2024\/09\/WhatsApp-Image-2024-09-26-at-12.23.131-768x1024.jpeg 768w, https:\/\/encontroamigosdoradio.com.br\/wp-content\/uploads\/2024\/09\/WhatsApp-Image-2024-09-26-at-12.23.131-225x300.jpeg 225w, https:\/\/encontroamigosdoradio.com.br\/wp-content\/uploads\/2024\/09\/WhatsApp-Image-2024-09-26-at-12.23.131-1152x1536.jpeg 1152w, https:\/\/encontroamigosdoradio.com.br\/wp-content\/uploads\/2024\/09\/WhatsApp-Image-2024-09-26-at-12.23.131-1536x2048.jpeg 1536w, https:\/\/encontroamigosdoradio.com.br\/wp-content\/uploads\/2024\/09\/WhatsApp-Image-2024-09-26-at-12.23.131-scaled.jpeg 1920w\" sizes=\"auto, (max-width: 768px) 100vw, 768px\" \/><\/figure>\n\n\n\n<figure class=\"wp-block-image size-large is-resized\"><img loading=\"lazy\" decoding=\"async\" width=\"1024\" height=\"641\" src=\"https:\/\/encontroamigosdoradio.com.br\/wp-content\/uploads\/2024\/09\/WhatsApp-Image-2024-09-26-at-12.23.392-1024x641.jpeg\" alt=\"\" class=\"wp-image-208\" style=\"width:596px;height:auto\" srcset=\"https:\/\/encontroamigosdoradio.com.br\/wp-content\/uploads\/2024\/09\/WhatsApp-Image-2024-09-26-at-12.23.392-1024x641.jpeg 1024w, https:\/\/encontroamigosdoradio.com.br\/wp-content\/uploads\/2024\/09\/WhatsApp-Image-2024-09-26-at-12.23.392-300x188.jpeg 300w, https:\/\/encontroamigosdoradio.com.br\/wp-content\/uploads\/2024\/09\/WhatsApp-Image-2024-09-26-at-12.23.392-768x481.jpeg 768w, https:\/\/encontroamigosdoradio.com.br\/wp-content\/uploads\/2024\/09\/WhatsApp-Image-2024-09-26-at-12.23.392.jpeg 1433w\" sizes=\"auto, (max-width: 1024px) 100vw, 1024px\" \/><\/figure>\n\n\n\n<p class=\"wp-block-paragraph\">Cart\u00e3o COER, Radioamador Licen\u00e7a e Faixa do Cidad\u00e3o Tamb\u00e9m ir\u00e1 personalizar copo com o logo da \u00faltima camiseta 2024 <\/p>\n\n\n\n<p class=\"wp-block-paragraph\">Entre em contato +55 21 97246-2558 pode programar e retirar no dia do evento 13\/10\/2024 em Artur Nogueira, SP.<\/p>\n\n\n\n<p class=\"wp-block-paragraph\">Parceria e apoio de sucesso com qualidade. <\/p>\n\n\n\n<p class=\"wp-block-paragraph\">https:\/\/encontroamigosdosradio.com.br<\/p>\n","protected":false},"excerpt":{"rendered":"<p>Brindes personalizados especialmente para radioamadores e faixa do cidad\u00e3o. Encomende agora seu cart\u00e3o a laser, copo com o logo do encontro de Amigos do R\u00e1dio \u201cParticipe do nosso 4\u00ba Encontro de R\u00e1dio Amadores em Artur Nogueira, no dia treze de outubro, e leve para casa um produto exclusivo! Al\u00e9m dos cart\u00f5es personalizados que estaremos oferecendo, [&hellip;]<\/p>\n","protected":false},"author":1,"featured_media":226,"comment_status":"open","ping_status":"open","sticky":false,"template":"","format":"standard","meta":{"footnotes":""},"categories":[1],"tags":[],"class_list":["post-205","post","type-post","status-publish","format-standard","has-post-thumbnail","hentry","category-blog"],"aioseo_notices":[],"aioseo_head":"\n\t\t<!-- All in One SEO 5.0.1.1 - aioseo.com -->\n\t<meta name=\"description\" content=\"Brindes personalizados especialmente para radioamadores e faixa do cidad\u00e3o. Encomende agora seu cart\u00e3o a laser, copo com o logo do encontro de Amigos do R\u00e1dio \u201cParticipe do nosso 4\u00ba Encontro de R\u00e1dio Amadores em Artur Nogueira, no dia treze de outubro, e leve para casa um produto exclusivo! Al\u00e9m dos cart\u00f5es personalizados que estaremos oferecendo,\" \/>\n\t<meta name=\"robots\" content=\"max-image-preview:large\" \/>\n\t<meta name=\"author\" content=\"Rubens Zolotujin\"\/>\n\t<link rel=\"canonical\" href=\"https:\/\/encontroamigosdoradio.com.br\/index.php\/2024\/09\/30\/brindes-a-laser-exclusivos-confira-e-encomende-o-seu-cartao-ou-copo-personalizados\/\" \/>\n\t<meta name=\"generator\" content=\"All in One SEO (AIOSEO) 5.0.1.1\" \/>\n\t\t<meta property=\"og:locale\" content=\"pt_BR\" \/>\n\t\t<meta property=\"og:site_name\" content=\"6\u00ba Encontro Amigos do R\u00e1dio 111\/10\/2026 - Onde a paix\u00e3o vira comunica\u00e7\u00e3o e amizade vira fam\u00edlia\" \/>\n\t\t<meta property=\"og:type\" content=\"article\" \/>\n\t\t<meta property=\"og:title\" content=\"Brindes a laser exclusivos confira e encomende o seu cart\u00e3o ou copo personalizados - 6\u00ba Encontro Amigos do R\u00e1dio 111\/10\/2026\" \/>\n\t\t<meta property=\"og:description\" content=\"Brindes personalizados especialmente para radioamadores e faixa do cidad\u00e3o. Encomende agora seu cart\u00e3o a laser, copo com o logo do encontro de Amigos do R\u00e1dio \u201cParticipe do nosso 4\u00ba Encontro de R\u00e1dio Amadores em Artur Nogueira, no dia treze de outubro, e leve para casa um produto exclusivo! Al\u00e9m dos cart\u00f5es personalizados que estaremos oferecendo,\" \/>\n\t\t<meta property=\"og:url\" content=\"https:\/\/encontroamigosdoradio.com.br\/index.php\/2024\/09\/30\/brindes-a-laser-exclusivos-confira-e-encomende-o-seu-cartao-ou-copo-personalizados\/\" \/>\n\t\t<meta property=\"og:image\" content=\"https:\/\/encontroamigosdoradio.com.br\/wp-content\/uploads\/2026\/07\/cropped-banner-01.png\" \/>\n\t\t<meta property=\"og:image:secure_url\" content=\"https:\/\/encontroamigosdoradio.com.br\/wp-content\/uploads\/2026\/07\/cropped-banner-01.png\" \/>\n\t\t<meta property=\"og:image:width\" content=\"1919\" \/>\n\t\t<meta property=\"og:image:height\" content=\"600\" \/>\n\t\t<meta property=\"article:published_time\" content=\"2024-09-30T13:13:12+00:00\" \/>\n\t\t<meta property=\"article:modified_time\" content=\"2024-09-30T18:21:53+00:00\" \/>\n\t\t<meta name=\"twitter:card\" content=\"summary_large_image\" \/>\n\t\t<meta name=\"twitter:title\" content=\"Brindes a laser exclusivos confira e encomende o seu cart\u00e3o ou copo personalizados - 6\u00ba Encontro Amigos do R\u00e1dio 111\/10\/2026\" \/>\n\t\t<meta name=\"twitter:description\" content=\"Brindes personalizados especialmente para radioamadores e faixa do cidad\u00e3o. Encomende agora seu cart\u00e3o a laser, copo com o logo do encontro de Amigos do R\u00e1dio \u201cParticipe do nosso 4\u00ba Encontro de R\u00e1dio Amadores em Artur Nogueira, no dia treze de outubro, e leve para casa um produto exclusivo! Al\u00e9m dos cart\u00f5es personalizados que estaremos oferecendo,\" \/>\n\t\t<meta name=\"twitter:image\" content=\"https:\/\/encontroamigosdoradio.com.br\/wp-content\/uploads\/2026\/07\/cropped-banner-01.png\" \/>\n\t\t<script type=\"application\/ld+json\" class=\"aioseo-schema\">\n\t\t\t{\"@context\":\"https:\\\/\\\/schema.org\",\"@graph\":[{\"@type\":\"BlogPosting\",\"@id\":\"https:\\\/\\\/encontroamigosdoradio.com.br\\\/index.php\\\/2024\\\/09\\\/30\\\/brindes-a-laser-exclusivos-confira-e-encomende-o-seu-cartao-ou-copo-personalizados\\\/#blogposting\",\"name\":\"Brindes a laser exclusivos confira e encomende o seu cart\\u00e3o ou copo personalizados - 6\\u00ba Encontro Amigos do R\\u00e1dio 111\\\/10\\\/2026\",\"headline\":\"Brindes a laser exclusivos confira e encomende o seu cart\\u00e3o ou copo personalizados\",\"author\":{\"@id\":\"https:\\\/\\\/encontroamigosdoradio.com.br\\\/index.php\\\/author\\\/py2ve\\\/#author\"},\"publisher\":{\"@id\":\"https:\\\/\\\/encontroamigosdoradio.com.br\\\/#organization\"},\"image\":{\"@type\":\"ImageObject\",\"url\":\"https:\\\/\\\/encontroamigosdoradio.com.br\\\/wp-content\\\/uploads\\\/2024\\\/09\\\/brindes-exclusivos.png\",\"width\":580,\"height\":300},\"datePublished\":\"2024-09-30T10:13:12-03:00\",\"dateModified\":\"2024-09-30T15:21:53-03:00\",\"inLanguage\":\"pt-BR\",\"mainEntityOfPage\":{\"@id\":\"https:\\\/\\\/encontroamigosdoradio.com.br\\\/index.php\\\/2024\\\/09\\\/30\\\/brindes-a-laser-exclusivos-confira-e-encomende-o-seu-cartao-ou-copo-personalizados\\\/#webpage\"},\"isPartOf\":{\"@id\":\"https:\\\/\\\/encontroamigosdoradio.com.br\\\/index.php\\\/2024\\\/09\\\/30\\\/brindes-a-laser-exclusivos-confira-e-encomende-o-seu-cartao-ou-copo-personalizados\\\/#webpage\"},\"articleSection\":\"Blog\"},{\"@type\":\"BreadcrumbList\",\"@id\":\"https:\\\/\\\/encontroamigosdoradio.com.br\\\/index.php\\\/2024\\\/09\\\/30\\\/brindes-a-laser-exclusivos-confira-e-encomende-o-seu-cartao-ou-copo-personalizados\\\/#breadcrumblist\",\"itemListElement\":[{\"@type\":\"ListItem\",\"@id\":\"https:\\\/\\\/encontroamigosdoradio.com.br#listItem\",\"position\":1,\"name\":\"Home\",\"item\":\"https:\\\/\\\/encontroamigosdoradio.com.br\",\"nextItem\":{\"@type\":\"ListItem\",\"@id\":\"https:\\\/\\\/encontroamigosdoradio.com.br\\\/index.php\\\/category\\\/blog\\\/#listItem\",\"name\":\"Blog\"}},{\"@type\":\"ListItem\",\"@id\":\"https:\\\/\\\/encontroamigosdoradio.com.br\\\/index.php\\\/category\\\/blog\\\/#listItem\",\"position\":2,\"name\":\"Blog\",\"item\":\"https:\\\/\\\/encontroamigosdoradio.com.br\\\/index.php\\\/category\\\/blog\\\/\",\"nextItem\":{\"@type\":\"ListItem\",\"@id\":\"https:\\\/\\\/encontroamigosdoradio.com.br\\\/index.php\\\/2024\\\/09\\\/30\\\/brindes-a-laser-exclusivos-confira-e-encomende-o-seu-cartao-ou-copo-personalizados\\\/#listItem\",\"name\":\"Brindes a laser exclusivos confira e encomende o seu cart\\u00e3o ou copo personalizados\"},\"previousItem\":{\"@type\":\"ListItem\",\"@id\":\"https:\\\/\\\/encontroamigosdoradio.com.br#listItem\",\"name\":\"Home\"}},{\"@type\":\"ListItem\",\"@id\":\"https:\\\/\\\/encontroamigosdoradio.com.br\\\/index.php\\\/2024\\\/09\\\/30\\\/brindes-a-laser-exclusivos-confira-e-encomende-o-seu-cartao-ou-copo-personalizados\\\/#listItem\",\"position\":3,\"name\":\"Brindes a laser exclusivos confira e encomende o seu cart\\u00e3o ou copo personalizados\",\"previousItem\":{\"@type\":\"ListItem\",\"@id\":\"https:\\\/\\\/encontroamigosdoradio.com.br\\\/index.php\\\/category\\\/blog\\\/#listItem\",\"name\":\"Blog\"}}]},{\"@type\":\"Organization\",\"@id\":\"https:\\\/\\\/encontroamigosdoradio.com.br\\\/#organization\",\"name\":\"6\\u00ba Encontro Amigos do R\\u00e1dio 111\\\/10\\\/2026\",\"description\":\"Onde a paix\\u00e3o vira comunica\\u00e7\\u00e3o e amizade vira fam\\u00edlia\",\"url\":\"https:\\\/\\\/encontroamigosdoradio.com.br\\\/\",\"logo\":{\"@type\":\"ImageObject\",\"url\":\"https:\\\/\\\/encontroamigosdoradio.com.br\\\/wp-content\\\/uploads\\\/2026\\\/07\\\/cropped-banner-01.png\",\"@id\":\"https:\\\/\\\/encontroamigosdoradio.com.br\\\/index.php\\\/2024\\\/09\\\/30\\\/brindes-a-laser-exclusivos-confira-e-encomende-o-seu-cartao-ou-copo-personalizados\\\/#organizationLogo\",\"width\":1919,\"height\":600},\"image\":{\"@id\":\"https:\\\/\\\/encontroamigosdoradio.com.br\\\/index.php\\\/2024\\\/09\\\/30\\\/brindes-a-laser-exclusivos-confira-e-encomende-o-seu-cartao-ou-copo-personalizados\\\/#organizationLogo\"}},{\"@type\":\"Person\",\"@id\":\"https:\\\/\\\/encontroamigosdoradio.com.br\\\/index.php\\\/author\\\/py2ve\\\/#author\",\"url\":\"https:\\\/\\\/encontroamigosdoradio.com.br\\\/index.php\\\/author\\\/py2ve\\\/\",\"name\":\"Rubens Zolotujin\",\"image\":{\"@type\":\"ImageObject\",\"@id\":\"https:\\\/\\\/encontroamigosdoradio.com.br\\\/index.php\\\/2024\\\/09\\\/30\\\/brindes-a-laser-exclusivos-confira-e-encomende-o-seu-cartao-ou-copo-personalizados\\\/#authorImage\",\"url\":\"https:\\\/\\\/secure.gravatar.com\\\/avatar\\\/75203a53777d93c2944e43b42c5c0182dcdfd065132431fdb6476d9ace333e73?s=96&d=mm&r=g\",\"width\":96,\"height\":96,\"caption\":\"Rubens Zolotujin\"}},{\"@type\":\"WebPage\",\"@id\":\"https:\\\/\\\/encontroamigosdoradio.com.br\\\/index.php\\\/2024\\\/09\\\/30\\\/brindes-a-laser-exclusivos-confira-e-encomende-o-seu-cartao-ou-copo-personalizados\\\/#webpage\",\"url\":\"https:\\\/\\\/encontroamigosdoradio.com.br\\\/index.php\\\/2024\\\/09\\\/30\\\/brindes-a-laser-exclusivos-confira-e-encomende-o-seu-cartao-ou-copo-personalizados\\\/\",\"name\":\"Brindes a laser exclusivos confira e encomende o seu cart\\u00e3o ou copo personalizados - 6\\u00ba Encontro Amigos do R\\u00e1dio 111\\\/10\\\/2026\",\"description\":\"Brindes personalizados especialmente para radioamadores e faixa do cidad\\u00e3o. Encomende agora seu cart\\u00e3o a laser, copo com o logo do encontro de Amigos do R\\u00e1dio \\u201cParticipe do nosso 4\\u00ba Encontro de R\\u00e1dio Amadores em Artur Nogueira, no dia treze de outubro, e leve para casa um produto exclusivo! Al\\u00e9m dos cart\\u00f5es personalizados que estaremos oferecendo,\",\"inLanguage\":\"pt-BR\",\"isPartOf\":{\"@id\":\"https:\\\/\\\/encontroamigosdoradio.com.br\\\/#website\"},\"breadcrumb\":{\"@id\":\"https:\\\/\\\/encontroamigosdoradio.com.br\\\/index.php\\\/2024\\\/09\\\/30\\\/brindes-a-laser-exclusivos-confira-e-encomende-o-seu-cartao-ou-copo-personalizados\\\/#breadcrumblist\"},\"author\":{\"@id\":\"https:\\\/\\\/encontroamigosdoradio.com.br\\\/index.php\\\/author\\\/py2ve\\\/#author\"},\"creator\":{\"@id\":\"https:\\\/\\\/encontroamigosdoradio.com.br\\\/index.php\\\/author\\\/py2ve\\\/#author\"},\"image\":{\"@type\":\"ImageObject\",\"url\":\"https:\\\/\\\/encontroamigosdoradio.com.br\\\/wp-content\\\/uploads\\\/2024\\\/09\\\/brindes-exclusivos.png\",\"@id\":\"https:\\\/\\\/encontroamigosdoradio.com.br\\\/index.php\\\/2024\\\/09\\\/30\\\/brindes-a-laser-exclusivos-confira-e-encomende-o-seu-cartao-ou-copo-personalizados\\\/#mainImage\",\"width\":580,\"height\":300},\"primaryImageOfPage\":{\"@id\":\"https:\\\/\\\/encontroamigosdoradio.com.br\\\/index.php\\\/2024\\\/09\\\/30\\\/brindes-a-laser-exclusivos-confira-e-encomende-o-seu-cartao-ou-copo-personalizados\\\/#mainImage\"},\"datePublished\":\"2024-09-30T10:13:12-03:00\",\"dateModified\":\"2024-09-30T15:21:53-03:00\"},{\"@type\":\"WebSite\",\"@id\":\"https:\\\/\\\/encontroamigosdoradio.com.br\\\/#website\",\"url\":\"https:\\\/\\\/encontroamigosdoradio.com.br\\\/\",\"name\":\"6\\u00ba Encontro Amigos do R\\u00e1dio 111\\\/10\\\/2026\",\"description\":\"Onde a paix\\u00e3o vira comunica\\u00e7\\u00e3o e amizade vira fam\\u00edlia\",\"inLanguage\":\"pt-BR\",\"publisher\":{\"@id\":\"https:\\\/\\\/encontroamigosdoradio.com.br\\\/#organization\"}}]}\n\t\t<\/script>\n\t\t<!-- All in One SEO -->\n\n","aioseo_head_json":{"title":"Brindes a laser exclusivos confira e encomende o seu cart\u00e3o ou copo personalizados - 6\u00ba Encontro Amigos do R\u00e1dio 111\/10\/2026","description":"Brindes personalizados especialmente para radioamadores e faixa do cidad\u00e3o. Encomende agora seu cart\u00e3o a laser, copo com o logo do encontro de Amigos do R\u00e1dio \u201cParticipe do nosso 4\u00ba Encontro de R\u00e1dio Amadores em Artur Nogueira, no dia treze de outubro, e leve para casa um produto exclusivo! Al\u00e9m dos cart\u00f5es personalizados que estaremos oferecendo,","canonical_url":"https:\/\/encontroamigosdoradio.com.br\/index.php\/2024\/09\/30\/brindes-a-laser-exclusivos-confira-e-encomende-o-seu-cartao-ou-copo-personalizados\/","robots":"max-image-preview:large","keywords":"","webmasterTools":{"miscellaneous":""},"schema":{"@context":"https:\/\/schema.org","@graph":[{"@type":"BlogPosting","@id":"https:\/\/encontroamigosdoradio.com.br\/index.php\/2024\/09\/30\/brindes-a-laser-exclusivos-confira-e-encomende-o-seu-cartao-ou-copo-personalizados\/#blogposting","name":"Brindes a laser exclusivos confira e encomende o seu cart\u00e3o ou copo personalizados - 6\u00ba Encontro Amigos do R\u00e1dio 111\/10\/2026","headline":"Brindes a laser exclusivos confira e encomende o seu cart\u00e3o ou copo personalizados","author":{"@id":"https:\/\/encontroamigosdoradio.com.br\/index.php\/author\/py2ve\/#author"},"publisher":{"@id":"https:\/\/encontroamigosdoradio.com.br\/#organization"},"image":{"@type":"ImageObject","url":"https:\/\/encontroamigosdoradio.com.br\/wp-content\/uploads\/2024\/09\/brindes-exclusivos.png","width":580,"height":300},"datePublished":"2024-09-30T10:13:12-03:00","dateModified":"2024-09-30T15:21:53-03:00","inLanguage":"pt-BR","mainEntityOfPage":{"@id":"https:\/\/encontroamigosdoradio.com.br\/index.php\/2024\/09\/30\/brindes-a-laser-exclusivos-confira-e-encomende-o-seu-cartao-ou-copo-personalizados\/#webpage"},"isPartOf":{"@id":"https:\/\/encontroamigosdoradio.com.br\/index.php\/2024\/09\/30\/brindes-a-laser-exclusivos-confira-e-encomende-o-seu-cartao-ou-copo-personalizados\/#webpage"},"articleSection":"Blog"},{"@type":"BreadcrumbList","@id":"https:\/\/encontroamigosdoradio.com.br\/index.php\/2024\/09\/30\/brindes-a-laser-exclusivos-confira-e-encomende-o-seu-cartao-ou-copo-personalizados\/#breadcrumblist","itemListElement":[{"@type":"ListItem","@id":"https:\/\/encontroamigosdoradio.com.br#listItem","position":1,"name":"Home","item":"https:\/\/encontroamigosdoradio.com.br","nextItem":{"@type":"ListItem","@id":"https:\/\/encontroamigosdoradio.com.br\/index.php\/category\/blog\/#listItem","name":"Blog"}},{"@type":"ListItem","@id":"https:\/\/encontroamigosdoradio.com.br\/index.php\/category\/blog\/#listItem","position":2,"name":"Blog","item":"https:\/\/encontroamigosdoradio.com.br\/index.php\/category\/blog\/","nextItem":{"@type":"ListItem","@id":"https:\/\/encontroamigosdoradio.com.br\/index.php\/2024\/09\/30\/brindes-a-laser-exclusivos-confira-e-encomende-o-seu-cartao-ou-copo-personalizados\/#listItem","name":"Brindes a laser exclusivos confira e encomende o seu cart\u00e3o ou copo personalizados"},"previousItem":{"@type":"ListItem","@id":"https:\/\/encontroamigosdoradio.com.br#listItem","name":"Home"}},{"@type":"ListItem","@id":"https:\/\/encontroamigosdoradio.com.br\/index.php\/2024\/09\/30\/brindes-a-laser-exclusivos-confira-e-encomende-o-seu-cartao-ou-copo-personalizados\/#listItem","position":3,"name":"Brindes a laser exclusivos confira e encomende o seu cart\u00e3o ou copo personalizados","previousItem":{"@type":"ListItem","@id":"https:\/\/encontroamigosdoradio.com.br\/index.php\/category\/blog\/#listItem","name":"Blog"}}]},{"@type":"Organization","@id":"https:\/\/encontroamigosdoradio.com.br\/#organization","name":"6\u00ba Encontro Amigos do R\u00e1dio 111\/10\/2026","description":"Onde a paix\u00e3o vira comunica\u00e7\u00e3o e amizade vira fam\u00edlia","url":"https:\/\/encontroamigosdoradio.com.br\/","logo":{"@type":"ImageObject","url":"https:\/\/encontroamigosdoradio.com.br\/wp-content\/uploads\/2026\/07\/cropped-banner-01.png","@id":"https:\/\/encontroamigosdoradio.com.br\/index.php\/2024\/09\/30\/brindes-a-laser-exclusivos-confira-e-encomende-o-seu-cartao-ou-copo-personalizados\/#organizationLogo","width":1919,"height":600},"image":{"@id":"https:\/\/encontroamigosdoradio.com.br\/index.php\/2024\/09\/30\/brindes-a-laser-exclusivos-confira-e-encomende-o-seu-cartao-ou-copo-personalizados\/#organizationLogo"}},{"@type":"Person","@id":"https:\/\/encontroamigosdoradio.com.br\/index.php\/author\/py2ve\/#author","url":"https:\/\/encontroamigosdoradio.com.br\/index.php\/author\/py2ve\/","name":"Rubens Zolotujin","image":{"@type":"ImageObject","@id":"https:\/\/encontroamigosdoradio.com.br\/index.php\/2024\/09\/30\/brindes-a-laser-exclusivos-confira-e-encomende-o-seu-cartao-ou-copo-personalizados\/#authorImage","url":"https:\/\/secure.gravatar.com\/avatar\/75203a53777d93c2944e43b42c5c0182dcdfd065132431fdb6476d9ace333e73?s=96&d=mm&r=g","width":96,"height":96,"caption":"Rubens Zolotujin"}},{"@type":"WebPage","@id":"https:\/\/encontroamigosdoradio.com.br\/index.php\/2024\/09\/30\/brindes-a-laser-exclusivos-confira-e-encomende-o-seu-cartao-ou-copo-personalizados\/#webpage","url":"https:\/\/encontroamigosdoradio.com.br\/index.php\/2024\/09\/30\/brindes-a-laser-exclusivos-confira-e-encomende-o-seu-cartao-ou-copo-personalizados\/","name":"Brindes a laser exclusivos confira e encomende o seu cart\u00e3o ou copo personalizados - 6\u00ba Encontro Amigos do R\u00e1dio 111\/10\/2026","description":"Brindes personalizados especialmente para radioamadores e faixa do cidad\u00e3o. Encomende agora seu cart\u00e3o a laser, copo com o logo do encontro de Amigos do R\u00e1dio \u201cParticipe do nosso 4\u00ba Encontro de R\u00e1dio Amadores em Artur Nogueira, no dia treze de outubro, e leve para casa um produto exclusivo! Al\u00e9m dos cart\u00f5es personalizados que estaremos oferecendo,","inLanguage":"pt-BR","isPartOf":{"@id":"https:\/\/encontroamigosdoradio.com.br\/#website"},"breadcrumb":{"@id":"https:\/\/encontroamigosdoradio.com.br\/index.php\/2024\/09\/30\/brindes-a-laser-exclusivos-confira-e-encomende-o-seu-cartao-ou-copo-personalizados\/#breadcrumblist"},"author":{"@id":"https:\/\/encontroamigosdoradio.com.br\/index.php\/author\/py2ve\/#author"},"creator":{"@id":"https:\/\/encontroamigosdoradio.com.br\/index.php\/author\/py2ve\/#author"},"image":{"@type":"ImageObject","url":"https:\/\/encontroamigosdoradio.com.br\/wp-content\/uploads\/2024\/09\/brindes-exclusivos.png","@id":"https:\/\/encontroamigosdoradio.com.br\/index.php\/2024\/09\/30\/brindes-a-laser-exclusivos-confira-e-encomende-o-seu-cartao-ou-copo-personalizados\/#mainImage","width":580,"height":300},"primaryImageOfPage":{"@id":"https:\/\/encontroamigosdoradio.com.br\/index.php\/2024\/09\/30\/brindes-a-laser-exclusivos-confira-e-encomende-o-seu-cartao-ou-copo-personalizados\/#mainImage"},"datePublished":"2024-09-30T10:13:12-03:00","dateModified":"2024-09-30T15:21:53-03:00"},{"@type":"WebSite","@id":"https:\/\/encontroamigosdoradio.com.br\/#website","url":"https:\/\/encontroamigosdoradio.com.br\/","name":"6\u00ba Encontro Amigos do R\u00e1dio 111\/10\/2026","description":"Onde a paix\u00e3o vira comunica\u00e7\u00e3o e amizade vira fam\u00edlia","inLanguage":"pt-BR","publisher":{"@id":"https:\/\/encontroamigosdoradio.com.br\/#organization"}}]},"og:locale":"pt_BR","og:site_name":"6\u00ba Encontro Amigos do R\u00e1dio 111\/10\/2026 - Onde a paix\u00e3o vira comunica\u00e7\u00e3o e amizade vira fam\u00edlia","og:type":"article","og:title":"Brindes a laser exclusivos confira e encomende o seu cart\u00e3o ou copo personalizados - 6\u00ba Encontro Amigos do R\u00e1dio 111\/10\/2026","og:description":"Brindes personalizados especialmente para radioamadores e faixa do cidad\u00e3o. Encomende agora seu cart\u00e3o a laser, copo com o logo do encontro de Amigos do R\u00e1dio \u201cParticipe do nosso 4\u00ba Encontro de R\u00e1dio Amadores em Artur Nogueira, no dia treze de outubro, e leve para casa um produto exclusivo! Al\u00e9m dos cart\u00f5es personalizados que estaremos oferecendo,","og:url":"https:\/\/encontroamigosdoradio.com.br\/index.php\/2024\/09\/30\/brindes-a-laser-exclusivos-confira-e-encomende-o-seu-cartao-ou-copo-personalizados\/","og:image":"https:\/\/encontroamigosdoradio.com.br\/wp-content\/uploads\/2026\/07\/cropped-banner-01.png","og:image:secure_url":"https:\/\/encontroamigosdoradio.com.br\/wp-content\/uploads\/2026\/07\/cropped-banner-01.png","og:image:width":1919,"og:image:height":600,"article:published_time":"2024-09-30T13:13:12+00:00","article:modified_time":"2024-09-30T18:21:53+00:00","twitter:card":"summary_large_image","twitter:title":"Brindes a laser exclusivos confira e encomende o seu cart\u00e3o ou copo personalizados - 6\u00ba Encontro Amigos do R\u00e1dio 111\/10\/2026","twitter:description":"Brindes personalizados especialmente para radioamadores e faixa do cidad\u00e3o. Encomende agora seu cart\u00e3o a laser, copo com o logo do encontro de Amigos do R\u00e1dio \u201cParticipe do nosso 4\u00ba Encontro de R\u00e1dio Amadores em Artur Nogueira, no dia treze de outubro, e leve para casa um produto exclusivo! Al\u00e9m dos cart\u00f5es personalizados que estaremos oferecendo,","twitter:image":"https:\/\/encontroamigosdoradio.com.br\/wp-content\/uploads\/2026\/07\/cropped-banner-01.png"},"aioseo_meta_data":{"post_id":"205","title":null,"description":null,"keywords":null,"keyphrases":null,"primary_term":null,"canonical_url":null,"og_title":null,"og_description":null,"og_object_type":"default","og_image_type":"default","og_image_custom_url":null,"og_image_custom_fields":null,"og_image_url":null,"og_image_width":null,"og_image_height":null,"og_video":null,"og_custom_url":null,"og_article_section":null,"og_article_tags":null,"twitter_use_og":false,"twitter_card":"default","twitter_image_type":"default","twitter_image_custom_url":null,"twitter_image_custom_fields":null,"twitter_image_url":null,"twitter_title":null,"twitter_description":null,"schema_type":"default","schema_type_options":null,"schema":{"blockGraphs":[],"customGraphs":[],"default":{"data":{"Article":[],"Course":[],"Dataset":[],"FAQPage":[],"Movie":[],"Person":[],"Product":[],"ProductReview":[],"Car":[],"Recipe":[],"Service":[],"SoftwareApplication":[],"WebPage":[]},"graphName":"","isEnabled":true},"graphs":[]},"pillar_content":false,"robots_default":true,"robots_noindex":false,"robots_noarchive":false,"robots_nosnippet":false,"robots_nofollow":false,"robots_noimageindex":false,"robots_noodp":false,"robots_notranslate":false,"robots_max_snippet":null,"robots_max_videopreview":null,"robots_max_imagepreview":"large","priority":null,"frequency":null,"local_seo":null,"limit_modified_date":false,"ai":null,"breadcrumb_settings":null,"seo_analyzer_scan_date":null,"created":"2026-07-26 05:46:00","updated":"2026-07-26 05:46:00","focus_keyword":null,"additional_keywords":null,"truseo_locale":null},"aioseo_breadcrumb":"<div class=\"aioseo-breadcrumbs\"><span class=\"aioseo-breadcrumb\">\n\t\t\t<a href=\"https:\/\/encontroamigosdoradio.com.br\" title=\"Home\">Home<\/a>\n\t\t<\/span><span class=\"aioseo-breadcrumb-separator\">&raquo;<\/span><span class=\"aioseo-breadcrumb\">\n\t\t\t<a href=\"https:\/\/encontroamigosdoradio.com.br\/index.php\/category\/blog\/\" title=\"Blog\">Blog<\/a>\n\t\t<\/span><span class=\"aioseo-breadcrumb-separator\">&raquo;<\/span><span class=\"aioseo-breadcrumb\">\n\t\t\tBrindes a laser exclusivos confira e encomende o seu cart\u00e3o ou copo personalizados\n\t\t<\/span><\/div>","aioseo_breadcrumb_json":[{"label":"Home","link":"https:\/\/encontroamigosdoradio.com.br"},{"label":"Blog","link":"https:\/\/encontroamigosdoradio.com.br\/index.php\/category\/blog\/"},{"label":"Brindes a laser exclusivos confira e encomende o seu cart\u00e3o ou copo personalizados","link":"https:\/\/encontroamigosdoradio.com.br\/index.php\/2024\/09\/30\/brindes-a-laser-exclusivos-confira-e-encomende-o-seu-cartao-ou-copo-personalizados\/"}],"_links":{"self":[{"href":"https:\/\/encontroamigosdoradio.com.br\/index.php\/wp-json\/wp\/v2\/posts\/205","targetHints":{"allow":["GET"]}}],"collection":[{"href":"https:\/\/encontroamigosdoradio.com.br\/index.php\/wp-json\/wp\/v2\/posts"}],"about":[{"href":"https:\/\/encontroamigosdoradio.com.br\/index.php\/wp-json\/wp\/v2\/types\/post"}],"author":[{"embeddable":true,"href":"https:\/\/encontroamigosdoradio.com.br\/index.php\/wp-json\/wp\/v2\/users\/1"}],"replies":[{"embeddable":true,"href":"https:\/\/encontroamigosdoradio.com.br\/index.php\/wp-json\/wp\/v2\/comments?post=205"}],"version-history":[{"count":2,"href":"https:\/\/encontroamigosdoradio.com.br\/index.php\/wp-json\/wp\/v2\/posts\/205\/revisions"}],"predecessor-version":[{"id":224,"href":"https:\/\/encontroamigosdoradio.com.br\/index.php\/wp-json\/wp\/v2\/posts\/205\/revisions\/224"}],"wp:featuredmedia":[{"embeddable":true,"href":"https:\/\/encontroamigosdoradio.com.br\/index.php\/wp-json\/wp\/v2\/media\/226"}],"wp:attachment":[{"href":"https:\/\/encontroamigosdoradio.com.br\/index.php\/wp-json\/wp\/v2\/media?parent=205"}],"wp:term":[{"taxonomy":"category","embeddable":true,"href":"https:\/\/encontroamigosdoradio.com.br\/index.php\/wp-json\/wp\/v2\/categories?post=205"},{"taxonomy":"post_tag","embeddable":true,"href":"https:\/\/encontroamigosdoradio.com.br\/index.php\/wp-json\/wp\/v2\/tags?post=205"}],"curies":[{"name":"wp","href":"https:\/\/api.w.org\/{rel}","templated":true}]}}