{"id":682,"date":"2025-09-19T12:06:28","date_gmt":"2025-09-19T15:06:28","guid":{"rendered":"https:\/\/encontroamigosdoradio.com.br\/?p=682"},"modified":"2025-09-19T12:06:55","modified_gmt":"2025-09-19T15:06:55","slug":"informacoes-sobre-o-local-do-evento-campanha-doacoes-patrocinadores-e-motorhome","status":"publish","type":"post","link":"https:\/\/encontroamigosdoradio.com.br\/index.php\/2025\/09\/19\/informacoes-sobre-o-local-do-evento-campanha-doacoes-patrocinadores-e-motorhome\/","title":{"rendered":"Informa\u00e7\u00f5es sobre o local do evento, campanha doa\u00e7\u00f5es, patrocinadores e motorhome"},"content":{"rendered":"<div class=\"wp-block-image\">\n<figure class=\"aligncenter size-full is-resized\"><img loading=\"lazy\" decoding=\"async\" width=\"500\" height=\"500\" src=\"https:\/\/encontroamigosdoradio.com.br\/wp-content\/uploads\/2025\/09\/gif-patrocinadores-2.gif\" alt=\"gif patrocinadores\" class=\"wp-image-655\" style=\"width:297px;height:auto\"\/><\/figure>\n<\/div>\n\n\n<p class=\"wp-block-paragraph\">Ol\u00e1 a todos entusiasta pela r\u00e1dio comunica\u00e7\u00e3o.<\/p>\n\n\n\n<p class=\"wp-block-paragraph\">Estou aqui mais uma vez para dar algumas informa\u00e7\u00f5es importantes sobre o local do evento, dentre alguns destaco a Turma do Grupo Mutum de r\u00e1dio expedi\u00e7\u00e3o que est\u00e1 com tudo vindo com uma caravana de Bras\u00edlia.<\/p>\n\n\n\n<p class=\"wp-block-paragraph\">Falo aqui tamb\u00e9m da campanha de doa\u00e7\u00f5es de material de higiene e limpeza para o AIDAN.<\/p>\n\n\n\n<p class=\"wp-block-paragraph\">Nossa agenda de eventos, que inclui no s\u00e1bado a noite a confraterniza\u00e7\u00e3o na Marque\u00b4s Pizzaria.<\/p>\n\n\n\n<p class=\"wp-block-paragraph\">E diversos outros temas, como a uni\u00e3o dos apaixonados por Motorhome que estar\u00e3o acampados para o evento, caso voc\u00ea tenha um aproveite e fa\u00e7a parte do grupo.<\/p>\n\n\n\n<p class=\"wp-block-paragraph\"><strong>Confira aqui o v\u00eddeo, compartilhe, curta e me siga.<\/strong><\/p>\n\n\n\n<figure class=\"wp-block-embed is-type-video is-provider-youtube wp-block-embed-youtube wp-embed-aspect-16-9 wp-has-aspect-ratio\"><div class=\"wp-block-embed__wrapper\">\n<iframe loading=\"lazy\" title=\"Grava\u00e7\u00e3o no local do encontro com mais informa\u00e7\u00f5es e novidades confira.\" width=\"640\" height=\"360\" src=\"https:\/\/www.youtube.com\/embed\/CItfoiPOTZs?feature=oembed\" frameborder=\"0\" allow=\"accelerometer; autoplay; clipboard-write; encrypted-media; gyroscope; picture-in-picture; web-share\" referrerpolicy=\"strict-origin-when-cross-origin\" allowfullscreen><\/iframe>\n<\/div><\/figure>\n\n\n\n<p class=\"wp-block-paragraph\">Aproveite e confira:<\/p>\n\n\n\n<ul class=\"wp-block-list\">\n<li><a href=\"https:\/\/encontroamigosdoradio.com.br\/index.php\/conhecendo-artur-nogueria\/\">Conhe\u00e7a Artur Nogueira<\/a><\/li>\n\n\n\n<li><a href=\"https:\/\/encontroamigosdoradio.com.br\/index.php\/turismo\/\">Pontos Turisticos<\/a><\/li>\n\n\n\n<li><a href=\"https:\/\/encontroamigosdoradio.com.br\/index.php\/videos\/\">Confira os v\u00eddeos sobre o Encontro<\/a><\/li>\n<\/ul>\n\n\n\n<figure class=\"wp-block-image size-large\"><img loading=\"lazy\" decoding=\"async\" width=\"1024\" height=\"384\" src=\"https:\/\/encontroamigosdoradio.com.br\/wp-content\/uploads\/2025\/09\/cropped-WhatsApp-Image-2025-09-12-at-12.57.363-1024x384.jpeg\" alt=\"\" class=\"wp-image-572\" srcset=\"https:\/\/encontroamigosdoradio.com.br\/wp-content\/uploads\/2025\/09\/cropped-WhatsApp-Image-2025-09-12-at-12.57.363-1024x384.jpeg 1024w, https:\/\/encontroamigosdoradio.com.br\/wp-content\/uploads\/2025\/09\/cropped-WhatsApp-Image-2025-09-12-at-12.57.363-300x113.jpeg 300w, https:\/\/encontroamigosdoradio.com.br\/wp-content\/uploads\/2025\/09\/cropped-WhatsApp-Image-2025-09-12-at-12.57.363-768x288.jpeg 768w, https:\/\/encontroamigosdoradio.com.br\/wp-content\/uploads\/2025\/09\/cropped-WhatsApp-Image-2025-09-12-at-12.57.363-1536x576.jpeg 1536w, https:\/\/encontroamigosdoradio.com.br\/wp-content\/uploads\/2025\/09\/cropped-WhatsApp-Image-2025-09-12-at-12.57.363.jpeg 1600w\" sizes=\"auto, (max-width: 1024px) 100vw, 1024px\" \/><\/figure>\n","protected":false},"excerpt":{"rendered":"<p>Ol\u00e1 a todos entusiasta pela r\u00e1dio comunica\u00e7\u00e3o. Estou aqui mais uma vez para dar algumas informa\u00e7\u00f5es importantes sobre o local do evento, dentre alguns destaco a Turma do Grupo Mutum de r\u00e1dio expedi\u00e7\u00e3o que est\u00e1 com tudo vindo com uma caravana de Bras\u00edlia. Falo aqui tamb\u00e9m da campanha de doa\u00e7\u00f5es de material de higiene e [&hellip;]<\/p>\n","protected":false},"author":1,"featured_media":683,"comment_status":"open","ping_status":"open","sticky":false,"template":"","format":"standard","meta":{"footnotes":""},"categories":[140,4],"tags":[33,118,200,32,198,15,199],"class_list":["post-682","post","type-post","status-publish","format-standard","has-post-thumbnail","hentry","category-140","category-novidade","tag-campanha","tag-caravana","tag-comboio","tag-doacoes","tag-informacoes","tag-local","tag-motorhome"],"aioseo_notices":[],"aioseo_head":"\n\t\t<!-- All in One SEO 5.0.1.1 - aioseo.com -->\n\t<meta name=\"description\" content=\"Ol\u00e1 a todos entusiasta pela r\u00e1dio comunica\u00e7\u00e3o. Estou aqui mais uma vez para dar algumas informa\u00e7\u00f5es importantes sobre o local do evento, dentre alguns destaco a Turma do Grupo Mutum de r\u00e1dio expedi\u00e7\u00e3o que est\u00e1 com tudo vindo com uma caravana de Bras\u00edlia. Falo aqui tamb\u00e9m da campanha de doa\u00e7\u00f5es de material de higiene e\" \/>\n\t<meta name=\"robots\" content=\"max-image-preview:large\" \/>\n\t<meta name=\"author\" content=\"Rubens Zolotujin\"\/>\n\t<link rel=\"canonical\" href=\"https:\/\/encontroamigosdoradio.com.br\/index.php\/2025\/09\/19\/informacoes-sobre-o-local-do-evento-campanha-doacoes-patrocinadores-e-motorhome\/\" \/>\n\t<meta name=\"generator\" content=\"All in One SEO (AIOSEO) 5.0.1.1\" \/>\n\t\t<meta property=\"og:locale\" content=\"pt_BR\" \/>\n\t\t<meta property=\"og:site_name\" content=\"6\u00ba Encontro Amigos do R\u00e1dio 111\/10\/2026 - Onde a paix\u00e3o vira comunica\u00e7\u00e3o e amizade vira fam\u00edlia\" \/>\n\t\t<meta property=\"og:type\" content=\"article\" \/>\n\t\t<meta property=\"og:title\" content=\"Informa\u00e7\u00f5es sobre o local do evento, campanha doa\u00e7\u00f5es, patrocinadores e motorhome - 6\u00ba Encontro Amigos do R\u00e1dio 111\/10\/2026\" \/>\n\t\t<meta property=\"og:description\" content=\"Ol\u00e1 a todos entusiasta pela r\u00e1dio comunica\u00e7\u00e3o. Estou aqui mais uma vez para dar algumas informa\u00e7\u00f5es importantes sobre o local do evento, dentre alguns destaco a Turma do Grupo Mutum de r\u00e1dio expedi\u00e7\u00e3o que est\u00e1 com tudo vindo com uma caravana de Bras\u00edlia. Falo aqui tamb\u00e9m da campanha de doa\u00e7\u00f5es de material de higiene e\" \/>\n\t\t<meta property=\"og:url\" content=\"https:\/\/encontroamigosdoradio.com.br\/index.php\/2025\/09\/19\/informacoes-sobre-o-local-do-evento-campanha-doacoes-patrocinadores-e-motorhome\/\" \/>\n\t\t<meta property=\"og:image\" content=\"https:\/\/encontroamigosdoradio.com.br\/wp-content\/uploads\/2026\/07\/cropped-banner-01.png\" \/>\n\t\t<meta property=\"og:image:secure_url\" content=\"https:\/\/encontroamigosdoradio.com.br\/wp-content\/uploads\/2026\/07\/cropped-banner-01.png\" \/>\n\t\t<meta property=\"og:image:width\" content=\"1919\" \/>\n\t\t<meta property=\"og:image:height\" content=\"600\" \/>\n\t\t<meta property=\"article:published_time\" content=\"2025-09-19T15:06:28+00:00\" \/>\n\t\t<meta property=\"article:modified_time\" content=\"2025-09-19T15:06:55+00:00\" \/>\n\t\t<meta name=\"twitter:card\" content=\"summary_large_image\" \/>\n\t\t<meta name=\"twitter:title\" content=\"Informa\u00e7\u00f5es sobre o local do evento, campanha doa\u00e7\u00f5es, patrocinadores e motorhome - 6\u00ba Encontro Amigos do R\u00e1dio 111\/10\/2026\" \/>\n\t\t<meta name=\"twitter:description\" content=\"Ol\u00e1 a todos entusiasta pela r\u00e1dio comunica\u00e7\u00e3o. Estou aqui mais uma vez para dar algumas informa\u00e7\u00f5es importantes sobre o local do evento, dentre alguns destaco a Turma do Grupo Mutum de r\u00e1dio expedi\u00e7\u00e3o que est\u00e1 com tudo vindo com uma caravana de Bras\u00edlia. Falo aqui tamb\u00e9m da campanha de doa\u00e7\u00f5es de material de higiene e\" \/>\n\t\t<meta name=\"twitter:image\" content=\"https:\/\/encontroamigosdoradio.com.br\/wp-content\/uploads\/2026\/07\/cropped-banner-01.png\" \/>\n\t\t<script type=\"application\/ld+json\" class=\"aioseo-schema\">\n\t\t\t{\"@context\":\"https:\\\/\\\/schema.org\",\"@graph\":[{\"@type\":\"BlogPosting\",\"@id\":\"https:\\\/\\\/encontroamigosdoradio.com.br\\\/index.php\\\/2025\\\/09\\\/19\\\/informacoes-sobre-o-local-do-evento-campanha-doacoes-patrocinadores-e-motorhome\\\/#blogposting\",\"name\":\"Informa\\u00e7\\u00f5es sobre o local do evento, campanha doa\\u00e7\\u00f5es, patrocinadores e motorhome - 6\\u00ba Encontro Amigos do R\\u00e1dio 111\\\/10\\\/2026\",\"headline\":\"Informa\\u00e7\\u00f5es sobre o local do evento, campanha doa\\u00e7\\u00f5es, patrocinadores e motorhome\",\"author\":{\"@id\":\"https:\\\/\\\/encontroamigosdoradio.com.br\\\/index.php\\\/author\\\/py2ve\\\/#author\"},\"publisher\":{\"@id\":\"https:\\\/\\\/encontroamigosdoradio.com.br\\\/#organization\"},\"image\":{\"@type\":\"ImageObject\",\"url\":\"https:\\\/\\\/encontroamigosdoradio.com.br\\\/wp-content\\\/uploads\\\/2025\\\/09\\\/videos-info1.png\",\"width\":580,\"height\":300},\"datePublished\":\"2025-09-19T12:06:28-03:00\",\"dateModified\":\"2025-09-19T12:06:55-03:00\",\"inLanguage\":\"pt-BR\",\"mainEntityOfPage\":{\"@id\":\"https:\\\/\\\/encontroamigosdoradio.com.br\\\/index.php\\\/2025\\\/09\\\/19\\\/informacoes-sobre-o-local-do-evento-campanha-doacoes-patrocinadores-e-motorhome\\\/#webpage\"},\"isPartOf\":{\"@id\":\"https:\\\/\\\/encontroamigosdoradio.com.br\\\/index.php\\\/2025\\\/09\\\/19\\\/informacoes-sobre-o-local-do-evento-campanha-doacoes-patrocinadores-e-motorhome\\\/#webpage\"},\"articleSection\":\"2025, Novidade, campanha, caravana, comboio, doa\\u00e7\\u00f5es, informa\\u00e7\\u00f5es, local, motorhome\"},{\"@type\":\"BreadcrumbList\",\"@id\":\"https:\\\/\\\/encontroamigosdoradio.com.br\\\/index.php\\\/2025\\\/09\\\/19\\\/informacoes-sobre-o-local-do-evento-campanha-doacoes-patrocinadores-e-motorhome\\\/#breadcrumblist\",\"itemListElement\":[{\"@type\":\"ListItem\",\"@id\":\"https:\\\/\\\/encontroamigosdoradio.com.br#listItem\",\"position\":1,\"name\":\"Home\",\"item\":\"https:\\\/\\\/encontroamigosdoradio.com.br\",\"nextItem\":{\"@type\":\"ListItem\",\"@id\":\"https:\\\/\\\/encontroamigosdoradio.com.br\\\/index.php\\\/category\\\/novidade\\\/#listItem\",\"name\":\"Novidade\"}},{\"@type\":\"ListItem\",\"@id\":\"https:\\\/\\\/encontroamigosdoradio.com.br\\\/index.php\\\/category\\\/novidade\\\/#listItem\",\"position\":2,\"name\":\"Novidade\",\"item\":\"https:\\\/\\\/encontroamigosdoradio.com.br\\\/index.php\\\/category\\\/novidade\\\/\",\"nextItem\":{\"@type\":\"ListItem\",\"@id\":\"https:\\\/\\\/encontroamigosdoradio.com.br\\\/index.php\\\/2025\\\/09\\\/19\\\/informacoes-sobre-o-local-do-evento-campanha-doacoes-patrocinadores-e-motorhome\\\/#listItem\",\"name\":\"Informa\\u00e7\\u00f5es sobre o local do evento, campanha doa\\u00e7\\u00f5es, patrocinadores e motorhome\"},\"previousItem\":{\"@type\":\"ListItem\",\"@id\":\"https:\\\/\\\/encontroamigosdoradio.com.br#listItem\",\"name\":\"Home\"}},{\"@type\":\"ListItem\",\"@id\":\"https:\\\/\\\/encontroamigosdoradio.com.br\\\/index.php\\\/2025\\\/09\\\/19\\\/informacoes-sobre-o-local-do-evento-campanha-doacoes-patrocinadores-e-motorhome\\\/#listItem\",\"position\":3,\"name\":\"Informa\\u00e7\\u00f5es sobre o local do evento, campanha doa\\u00e7\\u00f5es, patrocinadores e motorhome\",\"previousItem\":{\"@type\":\"ListItem\",\"@id\":\"https:\\\/\\\/encontroamigosdoradio.com.br\\\/index.php\\\/category\\\/novidade\\\/#listItem\",\"name\":\"Novidade\"}}]},{\"@type\":\"Organization\",\"@id\":\"https:\\\/\\\/encontroamigosdoradio.com.br\\\/#organization\",\"name\":\"6\\u00ba Encontro Amigos do R\\u00e1dio 111\\\/10\\\/2026\",\"description\":\"Onde a paix\\u00e3o vira comunica\\u00e7\\u00e3o e amizade vira fam\\u00edlia\",\"url\":\"https:\\\/\\\/encontroamigosdoradio.com.br\\\/\",\"logo\":{\"@type\":\"ImageObject\",\"url\":\"https:\\\/\\\/encontroamigosdoradio.com.br\\\/wp-content\\\/uploads\\\/2026\\\/07\\\/cropped-banner-01.png\",\"@id\":\"https:\\\/\\\/encontroamigosdoradio.com.br\\\/index.php\\\/2025\\\/09\\\/19\\\/informacoes-sobre-o-local-do-evento-campanha-doacoes-patrocinadores-e-motorhome\\\/#organizationLogo\",\"width\":1919,\"height\":600},\"image\":{\"@id\":\"https:\\\/\\\/encontroamigosdoradio.com.br\\\/index.php\\\/2025\\\/09\\\/19\\\/informacoes-sobre-o-local-do-evento-campanha-doacoes-patrocinadores-e-motorhome\\\/#organizationLogo\"}},{\"@type\":\"Person\",\"@id\":\"https:\\\/\\\/encontroamigosdoradio.com.br\\\/index.php\\\/author\\\/py2ve\\\/#author\",\"url\":\"https:\\\/\\\/encontroamigosdoradio.com.br\\\/index.php\\\/author\\\/py2ve\\\/\",\"name\":\"Rubens Zolotujin\",\"image\":{\"@type\":\"ImageObject\",\"@id\":\"https:\\\/\\\/encontroamigosdoradio.com.br\\\/index.php\\\/2025\\\/09\\\/19\\\/informacoes-sobre-o-local-do-evento-campanha-doacoes-patrocinadores-e-motorhome\\\/#authorImage\",\"url\":\"https:\\\/\\\/secure.gravatar.com\\\/avatar\\\/75203a53777d93c2944e43b42c5c0182dcdfd065132431fdb6476d9ace333e73?s=96&d=mm&r=g\",\"width\":96,\"height\":96,\"caption\":\"Rubens Zolotujin\"}},{\"@type\":\"WebPage\",\"@id\":\"https:\\\/\\\/encontroamigosdoradio.com.br\\\/index.php\\\/2025\\\/09\\\/19\\\/informacoes-sobre-o-local-do-evento-campanha-doacoes-patrocinadores-e-motorhome\\\/#webpage\",\"url\":\"https:\\\/\\\/encontroamigosdoradio.com.br\\\/index.php\\\/2025\\\/09\\\/19\\\/informacoes-sobre-o-local-do-evento-campanha-doacoes-patrocinadores-e-motorhome\\\/\",\"name\":\"Informa\\u00e7\\u00f5es sobre o local do evento, campanha doa\\u00e7\\u00f5es, patrocinadores e motorhome - 6\\u00ba Encontro Amigos do R\\u00e1dio 111\\\/10\\\/2026\",\"description\":\"Ol\\u00e1 a todos entusiasta pela r\\u00e1dio comunica\\u00e7\\u00e3o. Estou aqui mais uma vez para dar algumas informa\\u00e7\\u00f5es importantes sobre o local do evento, dentre alguns destaco a Turma do Grupo Mutum de r\\u00e1dio expedi\\u00e7\\u00e3o que est\\u00e1 com tudo vindo com uma caravana de Bras\\u00edlia. Falo aqui tamb\\u00e9m da campanha de doa\\u00e7\\u00f5es de material de higiene e\",\"inLanguage\":\"pt-BR\",\"isPartOf\":{\"@id\":\"https:\\\/\\\/encontroamigosdoradio.com.br\\\/#website\"},\"breadcrumb\":{\"@id\":\"https:\\\/\\\/encontroamigosdoradio.com.br\\\/index.php\\\/2025\\\/09\\\/19\\\/informacoes-sobre-o-local-do-evento-campanha-doacoes-patrocinadores-e-motorhome\\\/#breadcrumblist\"},\"author\":{\"@id\":\"https:\\\/\\\/encontroamigosdoradio.com.br\\\/index.php\\\/author\\\/py2ve\\\/#author\"},\"creator\":{\"@id\":\"https:\\\/\\\/encontroamigosdoradio.com.br\\\/index.php\\\/author\\\/py2ve\\\/#author\"},\"image\":{\"@type\":\"ImageObject\",\"url\":\"https:\\\/\\\/encontroamigosdoradio.com.br\\\/wp-content\\\/uploads\\\/2025\\\/09\\\/videos-info1.png\",\"@id\":\"https:\\\/\\\/encontroamigosdoradio.com.br\\\/index.php\\\/2025\\\/09\\\/19\\\/informacoes-sobre-o-local-do-evento-campanha-doacoes-patrocinadores-e-motorhome\\\/#mainImage\",\"width\":580,\"height\":300},\"primaryImageOfPage\":{\"@id\":\"https:\\\/\\\/encontroamigosdoradio.com.br\\\/index.php\\\/2025\\\/09\\\/19\\\/informacoes-sobre-o-local-do-evento-campanha-doacoes-patrocinadores-e-motorhome\\\/#mainImage\"},\"datePublished\":\"2025-09-19T12:06:28-03:00\",\"dateModified\":\"2025-09-19T12:06:55-03:00\"},{\"@type\":\"WebSite\",\"@id\":\"https:\\\/\\\/encontroamigosdoradio.com.br\\\/#website\",\"url\":\"https:\\\/\\\/encontroamigosdoradio.com.br\\\/\",\"name\":\"6\\u00ba Encontro Amigos do R\\u00e1dio 111\\\/10\\\/2026\",\"description\":\"Onde a paix\\u00e3o vira comunica\\u00e7\\u00e3o e amizade vira fam\\u00edlia\",\"inLanguage\":\"pt-BR\",\"publisher\":{\"@id\":\"https:\\\/\\\/encontroamigosdoradio.com.br\\\/#organization\"}}]}\n\t\t<\/script>\n\t\t<!-- All in One SEO -->\n\n","aioseo_head_json":{"title":"Informa\u00e7\u00f5es sobre o local do evento, campanha doa\u00e7\u00f5es, patrocinadores e motorhome - 6\u00ba Encontro Amigos do R\u00e1dio 111\/10\/2026","description":"Ol\u00e1 a todos entusiasta pela r\u00e1dio comunica\u00e7\u00e3o. Estou aqui mais uma vez para dar algumas informa\u00e7\u00f5es importantes sobre o local do evento, dentre alguns destaco a Turma do Grupo Mutum de r\u00e1dio expedi\u00e7\u00e3o que est\u00e1 com tudo vindo com uma caravana de Bras\u00edlia. Falo aqui tamb\u00e9m da campanha de doa\u00e7\u00f5es de material de higiene e","canonical_url":"https:\/\/encontroamigosdoradio.com.br\/index.php\/2025\/09\/19\/informacoes-sobre-o-local-do-evento-campanha-doacoes-patrocinadores-e-motorhome\/","robots":"max-image-preview:large","keywords":"","webmasterTools":{"miscellaneous":""},"schema":{"@context":"https:\/\/schema.org","@graph":[{"@type":"BlogPosting","@id":"https:\/\/encontroamigosdoradio.com.br\/index.php\/2025\/09\/19\/informacoes-sobre-o-local-do-evento-campanha-doacoes-patrocinadores-e-motorhome\/#blogposting","name":"Informa\u00e7\u00f5es sobre o local do evento, campanha doa\u00e7\u00f5es, patrocinadores e motorhome - 6\u00ba Encontro Amigos do R\u00e1dio 111\/10\/2026","headline":"Informa\u00e7\u00f5es sobre o local do evento, campanha doa\u00e7\u00f5es, patrocinadores e motorhome","author":{"@id":"https:\/\/encontroamigosdoradio.com.br\/index.php\/author\/py2ve\/#author"},"publisher":{"@id":"https:\/\/encontroamigosdoradio.com.br\/#organization"},"image":{"@type":"ImageObject","url":"https:\/\/encontroamigosdoradio.com.br\/wp-content\/uploads\/2025\/09\/videos-info1.png","width":580,"height":300},"datePublished":"2025-09-19T12:06:28-03:00","dateModified":"2025-09-19T12:06:55-03:00","inLanguage":"pt-BR","mainEntityOfPage":{"@id":"https:\/\/encontroamigosdoradio.com.br\/index.php\/2025\/09\/19\/informacoes-sobre-o-local-do-evento-campanha-doacoes-patrocinadores-e-motorhome\/#webpage"},"isPartOf":{"@id":"https:\/\/encontroamigosdoradio.com.br\/index.php\/2025\/09\/19\/informacoes-sobre-o-local-do-evento-campanha-doacoes-patrocinadores-e-motorhome\/#webpage"},"articleSection":"2025, Novidade, campanha, caravana, comboio, doa\u00e7\u00f5es, informa\u00e7\u00f5es, local, motorhome"},{"@type":"BreadcrumbList","@id":"https:\/\/encontroamigosdoradio.com.br\/index.php\/2025\/09\/19\/informacoes-sobre-o-local-do-evento-campanha-doacoes-patrocinadores-e-motorhome\/#breadcrumblist","itemListElement":[{"@type":"ListItem","@id":"https:\/\/encontroamigosdoradio.com.br#listItem","position":1,"name":"Home","item":"https:\/\/encontroamigosdoradio.com.br","nextItem":{"@type":"ListItem","@id":"https:\/\/encontroamigosdoradio.com.br\/index.php\/category\/novidade\/#listItem","name":"Novidade"}},{"@type":"ListItem","@id":"https:\/\/encontroamigosdoradio.com.br\/index.php\/category\/novidade\/#listItem","position":2,"name":"Novidade","item":"https:\/\/encontroamigosdoradio.com.br\/index.php\/category\/novidade\/","nextItem":{"@type":"ListItem","@id":"https:\/\/encontroamigosdoradio.com.br\/index.php\/2025\/09\/19\/informacoes-sobre-o-local-do-evento-campanha-doacoes-patrocinadores-e-motorhome\/#listItem","name":"Informa\u00e7\u00f5es sobre o local do evento, campanha doa\u00e7\u00f5es, patrocinadores e motorhome"},"previousItem":{"@type":"ListItem","@id":"https:\/\/encontroamigosdoradio.com.br#listItem","name":"Home"}},{"@type":"ListItem","@id":"https:\/\/encontroamigosdoradio.com.br\/index.php\/2025\/09\/19\/informacoes-sobre-o-local-do-evento-campanha-doacoes-patrocinadores-e-motorhome\/#listItem","position":3,"name":"Informa\u00e7\u00f5es sobre o local do evento, campanha doa\u00e7\u00f5es, patrocinadores e motorhome","previousItem":{"@type":"ListItem","@id":"https:\/\/encontroamigosdoradio.com.br\/index.php\/category\/novidade\/#listItem","name":"Novidade"}}]},{"@type":"Organization","@id":"https:\/\/encontroamigosdoradio.com.br\/#organization","name":"6\u00ba Encontro Amigos do R\u00e1dio 111\/10\/2026","description":"Onde a paix\u00e3o vira comunica\u00e7\u00e3o e amizade vira fam\u00edlia","url":"https:\/\/encontroamigosdoradio.com.br\/","logo":{"@type":"ImageObject","url":"https:\/\/encontroamigosdoradio.com.br\/wp-content\/uploads\/2026\/07\/cropped-banner-01.png","@id":"https:\/\/encontroamigosdoradio.com.br\/index.php\/2025\/09\/19\/informacoes-sobre-o-local-do-evento-campanha-doacoes-patrocinadores-e-motorhome\/#organizationLogo","width":1919,"height":600},"image":{"@id":"https:\/\/encontroamigosdoradio.com.br\/index.php\/2025\/09\/19\/informacoes-sobre-o-local-do-evento-campanha-doacoes-patrocinadores-e-motorhome\/#organizationLogo"}},{"@type":"Person","@id":"https:\/\/encontroamigosdoradio.com.br\/index.php\/author\/py2ve\/#author","url":"https:\/\/encontroamigosdoradio.com.br\/index.php\/author\/py2ve\/","name":"Rubens Zolotujin","image":{"@type":"ImageObject","@id":"https:\/\/encontroamigosdoradio.com.br\/index.php\/2025\/09\/19\/informacoes-sobre-o-local-do-evento-campanha-doacoes-patrocinadores-e-motorhome\/#authorImage","url":"https:\/\/secure.gravatar.com\/avatar\/75203a53777d93c2944e43b42c5c0182dcdfd065132431fdb6476d9ace333e73?s=96&d=mm&r=g","width":96,"height":96,"caption":"Rubens Zolotujin"}},{"@type":"WebPage","@id":"https:\/\/encontroamigosdoradio.com.br\/index.php\/2025\/09\/19\/informacoes-sobre-o-local-do-evento-campanha-doacoes-patrocinadores-e-motorhome\/#webpage","url":"https:\/\/encontroamigosdoradio.com.br\/index.php\/2025\/09\/19\/informacoes-sobre-o-local-do-evento-campanha-doacoes-patrocinadores-e-motorhome\/","name":"Informa\u00e7\u00f5es sobre o local do evento, campanha doa\u00e7\u00f5es, patrocinadores e motorhome - 6\u00ba Encontro Amigos do R\u00e1dio 111\/10\/2026","description":"Ol\u00e1 a todos entusiasta pela r\u00e1dio comunica\u00e7\u00e3o. Estou aqui mais uma vez para dar algumas informa\u00e7\u00f5es importantes sobre o local do evento, dentre alguns destaco a Turma do Grupo Mutum de r\u00e1dio expedi\u00e7\u00e3o que est\u00e1 com tudo vindo com uma caravana de Bras\u00edlia. Falo aqui tamb\u00e9m da campanha de doa\u00e7\u00f5es de material de higiene e","inLanguage":"pt-BR","isPartOf":{"@id":"https:\/\/encontroamigosdoradio.com.br\/#website"},"breadcrumb":{"@id":"https:\/\/encontroamigosdoradio.com.br\/index.php\/2025\/09\/19\/informacoes-sobre-o-local-do-evento-campanha-doacoes-patrocinadores-e-motorhome\/#breadcrumblist"},"author":{"@id":"https:\/\/encontroamigosdoradio.com.br\/index.php\/author\/py2ve\/#author"},"creator":{"@id":"https:\/\/encontroamigosdoradio.com.br\/index.php\/author\/py2ve\/#author"},"image":{"@type":"ImageObject","url":"https:\/\/encontroamigosdoradio.com.br\/wp-content\/uploads\/2025\/09\/videos-info1.png","@id":"https:\/\/encontroamigosdoradio.com.br\/index.php\/2025\/09\/19\/informacoes-sobre-o-local-do-evento-campanha-doacoes-patrocinadores-e-motorhome\/#mainImage","width":580,"height":300},"primaryImageOfPage":{"@id":"https:\/\/encontroamigosdoradio.com.br\/index.php\/2025\/09\/19\/informacoes-sobre-o-local-do-evento-campanha-doacoes-patrocinadores-e-motorhome\/#mainImage"},"datePublished":"2025-09-19T12:06:28-03:00","dateModified":"2025-09-19T12:06:55-03:00"},{"@type":"WebSite","@id":"https:\/\/encontroamigosdoradio.com.br\/#website","url":"https:\/\/encontroamigosdoradio.com.br\/","name":"6\u00ba Encontro Amigos do R\u00e1dio 111\/10\/2026","description":"Onde a paix\u00e3o vira comunica\u00e7\u00e3o e amizade vira fam\u00edlia","inLanguage":"pt-BR","publisher":{"@id":"https:\/\/encontroamigosdoradio.com.br\/#organization"}}]},"og:locale":"pt_BR","og:site_name":"6\u00ba Encontro Amigos do R\u00e1dio 111\/10\/2026 - Onde a paix\u00e3o vira comunica\u00e7\u00e3o e amizade vira fam\u00edlia","og:type":"article","og:title":"Informa\u00e7\u00f5es sobre o local do evento, campanha doa\u00e7\u00f5es, patrocinadores e motorhome - 6\u00ba Encontro Amigos do R\u00e1dio 111\/10\/2026","og:description":"Ol\u00e1 a todos entusiasta pela r\u00e1dio comunica\u00e7\u00e3o. Estou aqui mais uma vez para dar algumas informa\u00e7\u00f5es importantes sobre o local do evento, dentre alguns destaco a Turma do Grupo Mutum de r\u00e1dio expedi\u00e7\u00e3o que est\u00e1 com tudo vindo com uma caravana de Bras\u00edlia. Falo aqui tamb\u00e9m da campanha de doa\u00e7\u00f5es de material de higiene e","og:url":"https:\/\/encontroamigosdoradio.com.br\/index.php\/2025\/09\/19\/informacoes-sobre-o-local-do-evento-campanha-doacoes-patrocinadores-e-motorhome\/","og:image":"https:\/\/encontroamigosdoradio.com.br\/wp-content\/uploads\/2026\/07\/cropped-banner-01.png","og:image:secure_url":"https:\/\/encontroamigosdoradio.com.br\/wp-content\/uploads\/2026\/07\/cropped-banner-01.png","og:image:width":1919,"og:image:height":600,"article:published_time":"2025-09-19T15:06:28+00:00","article:modified_time":"2025-09-19T15:06:55+00:00","twitter:card":"summary_large_image","twitter:title":"Informa\u00e7\u00f5es sobre o local do evento, campanha doa\u00e7\u00f5es, patrocinadores e motorhome - 6\u00ba Encontro Amigos do R\u00e1dio 111\/10\/2026","twitter:description":"Ol\u00e1 a todos entusiasta pela r\u00e1dio comunica\u00e7\u00e3o. Estou aqui mais uma vez para dar algumas informa\u00e7\u00f5es importantes sobre o local do evento, dentre alguns destaco a Turma do Grupo Mutum de r\u00e1dio expedi\u00e7\u00e3o que est\u00e1 com tudo vindo com uma caravana de Bras\u00edlia. Falo aqui tamb\u00e9m da campanha de doa\u00e7\u00f5es de material de higiene e","twitter:image":"https:\/\/encontroamigosdoradio.com.br\/wp-content\/uploads\/2026\/07\/cropped-banner-01.png"},"aioseo_meta_data":{"post_id":"682","title":null,"description":null,"keywords":null,"keyphrases":null,"primary_term":null,"canonical_url":null,"og_title":null,"og_description":null,"og_object_type":"default","og_image_type":"default","og_image_custom_url":null,"og_image_custom_fields":null,"og_image_url":null,"og_image_width":null,"og_image_height":null,"og_video":null,"og_custom_url":null,"og_article_section":null,"og_article_tags":null,"twitter_use_og":false,"twitter_card":"default","twitter_image_type":"default","twitter_image_custom_url":null,"twitter_image_custom_fields":null,"twitter_image_url":null,"twitter_title":null,"twitter_description":null,"schema_type":"default","schema_type_options":null,"schema":{"blockGraphs":[],"customGraphs":[],"default":{"data":{"Article":[],"Course":[],"Dataset":[],"FAQPage":[],"Movie":[],"Person":[],"Product":[],"ProductReview":[],"Car":[],"Recipe":[],"Service":[],"SoftwareApplication":[],"WebPage":[]},"graphName":"","isEnabled":true},"graphs":[]},"pillar_content":false,"robots_default":true,"robots_noindex":false,"robots_noarchive":false,"robots_nosnippet":false,"robots_nofollow":false,"robots_noimageindex":false,"robots_noodp":false,"robots_notranslate":false,"robots_max_snippet":null,"robots_max_videopreview":null,"robots_max_imagepreview":"large","priority":null,"frequency":null,"local_seo":null,"limit_modified_date":false,"ai":null,"breadcrumb_settings":null,"seo_analyzer_scan_date":null,"created":"2026-07-26 05:49:13","updated":"2026-07-26 05:49:13","focus_keyword":null,"additional_keywords":null,"truseo_locale":null},"aioseo_breadcrumb":"<div class=\"aioseo-breadcrumbs\"><span class=\"aioseo-breadcrumb\">\n\t\t\t<a href=\"https:\/\/encontroamigosdoradio.com.br\" title=\"Home\">Home<\/a>\n\t\t<\/span><span class=\"aioseo-breadcrumb-separator\">&raquo;<\/span><span class=\"aioseo-breadcrumb\">\n\t\t\t<a href=\"https:\/\/encontroamigosdoradio.com.br\/index.php\/category\/novidade\/\" title=\"Novidade\">Novidade<\/a>\n\t\t<\/span><span class=\"aioseo-breadcrumb-separator\">&raquo;<\/span><span class=\"aioseo-breadcrumb\">\n\t\t\tInforma\u00e7\u00f5es sobre o local do evento, campanha doa\u00e7\u00f5es, patrocinadores e motorhome\n\t\t<\/span><\/div>","aioseo_breadcrumb_json":[{"label":"Home","link":"https:\/\/encontroamigosdoradio.com.br"},{"label":"Novidade","link":"https:\/\/encontroamigosdoradio.com.br\/index.php\/category\/novidade\/"},{"label":"Informa\u00e7\u00f5es sobre o local do evento, campanha doa\u00e7\u00f5es, patrocinadores e motorhome","link":"https:\/\/encontroamigosdoradio.com.br\/index.php\/2025\/09\/19\/informacoes-sobre-o-local-do-evento-campanha-doacoes-patrocinadores-e-motorhome\/"}],"_links":{"self":[{"href":"https:\/\/encontroamigosdoradio.com.br\/index.php\/wp-json\/wp\/v2\/posts\/682","targetHints":{"allow":["GET"]}}],"collection":[{"href":"https:\/\/encontroamigosdoradio.com.br\/index.php\/wp-json\/wp\/v2\/posts"}],"about":[{"href":"https:\/\/encontroamigosdoradio.com.br\/index.php\/wp-json\/wp\/v2\/types\/post"}],"author":[{"embeddable":true,"href":"https:\/\/encontroamigosdoradio.com.br\/index.php\/wp-json\/wp\/v2\/users\/1"}],"replies":[{"embeddable":true,"href":"https:\/\/encontroamigosdoradio.com.br\/index.php\/wp-json\/wp\/v2\/comments?post=682"}],"version-history":[{"count":2,"href":"https:\/\/encontroamigosdoradio.com.br\/index.php\/wp-json\/wp\/v2\/posts\/682\/revisions"}],"predecessor-version":[{"id":685,"href":"https:\/\/encontroamigosdoradio.com.br\/index.php\/wp-json\/wp\/v2\/posts\/682\/revisions\/685"}],"wp:featuredmedia":[{"embeddable":true,"href":"https:\/\/encontroamigosdoradio.com.br\/index.php\/wp-json\/wp\/v2\/media\/683"}],"wp:attachment":[{"href":"https:\/\/encontroamigosdoradio.com.br\/index.php\/wp-json\/wp\/v2\/media?parent=682"}],"wp:term":[{"taxonomy":"category","embeddable":true,"href":"https:\/\/encontroamigosdoradio.com.br\/index.php\/wp-json\/wp\/v2\/categories?post=682"},{"taxonomy":"post_tag","embeddable":true,"href":"https:\/\/encontroamigosdoradio.com.br\/index.php\/wp-json\/wp\/v2\/tags?post=682"}],"curies":[{"name":"wp","href":"https:\/\/api.w.org\/{rel}","templated":true}]}}