{"id":855,"date":"2025-10-09T06:32:17","date_gmt":"2025-10-09T09:32:17","guid":{"rendered":"https:\/\/encontroamigosdoradio.com.br\/?p=855"},"modified":"2025-10-09T06:32:18","modified_gmt":"2025-10-09T09:32:18","slug":"pu3mak-antena-motorizada","status":"publish","type":"post","link":"https:\/\/encontroamigosdoradio.com.br\/index.php\/2025\/10\/09\/pu3mak-antena-motorizada\/","title":{"rendered":"PU3MAK Antena Motorizada"},"content":{"rendered":"\n<p>Antena para a banda de 10m a 80m ajust\u00e1vel por comando el\u00e9trico.<\/p>\n\n\n\n<p>Entre em contato, precisando de uma antena para seu carro, caminh\u00e3o ou apartamento, aqui est\u00e1 a antena, venha conferir no 5\u00ba Encontro Amigos do R\u00e1dio dia 12\/10\/2025 aqui em Artur Nogueira, SP.<\/p>\n\n\n\n<p><\/p>\n\n\n\n<figure class=\"wp-block-embed is-type-video is-provider-youtube wp-block-embed-youtube wp-embed-aspect-16-9 wp-has-aspect-ratio\"><div class=\"wp-block-embed__wrapper\">\n<iframe loading=\"lazy\" title=\"Antenas motorizadas [muvuca]   PU3MAK\" width=\"640\" height=\"360\" src=\"https:\/\/www.youtube.com\/embed\/3d1y66IiatE?feature=oembed\" frameborder=\"0\" allow=\"accelerometer; autoplay; clipboard-write; encrypted-media; gyroscope; picture-in-picture; web-share\" referrerpolicy=\"strict-origin-when-cross-origin\" allowfullscreen><\/iframe>\n<\/div><\/figure>\n\n\n\n<p><\/p>\n\n\n\n<figure class=\"wp-block-image size-large\"><img loading=\"lazy\" decoding=\"async\" width=\"768\" height=\"1024\" src=\"https:\/\/encontroamigosdoradio.com.br\/wp-content\/uploads\/2025\/10\/Sem-titulo-768x1024.jpg\" alt=\"\" class=\"wp-image-856\" srcset=\"https:\/\/encontroamigosdoradio.com.br\/wp-content\/uploads\/2025\/10\/Sem-titulo-768x1024.jpg 768w, https:\/\/encontroamigosdoradio.com.br\/wp-content\/uploads\/2025\/10\/Sem-titulo-225x300.jpg 225w, https:\/\/encontroamigosdoradio.com.br\/wp-content\/uploads\/2025\/10\/Sem-titulo.jpg 960w\" sizes=\"auto, (max-width: 768px) 100vw, 768px\" \/><\/figure>\n\n\n\n<p>Entre em contato agora e emcomende a sua +5551993422228<\/p>\n\n\n\n<p>Canal no youtube <a href=\"https:\/\/www.youtube.com\/@marioaugustoruckert5257\">https:\/\/www.youtube.com\/@marioaugustoruckert5257<\/a><\/p>\n\n\n\n<figure class=\"wp-block-image size-large\"><img loading=\"lazy\" decoding=\"async\" width=\"576\" height=\"1024\" src=\"https:\/\/encontroamigosdoradio.com.br\/wp-content\/uploads\/2025\/10\/Sem-titulo-1-576x1024.jpg\" alt=\"\" class=\"wp-image-857\" srcset=\"https:\/\/encontroamigosdoradio.com.br\/wp-content\/uploads\/2025\/10\/Sem-titulo-1-576x1024.jpg 576w, https:\/\/encontroamigosdoradio.com.br\/wp-content\/uploads\/2025\/10\/Sem-titulo-1-169x300.jpg 169w, https:\/\/encontroamigosdoradio.com.br\/wp-content\/uploads\/2025\/10\/Sem-titulo-1-768x1366.jpg 768w, https:\/\/encontroamigosdoradio.com.br\/wp-content\/uploads\/2025\/10\/Sem-titulo-1-864x1536.jpg 864w, https:\/\/encontroamigosdoradio.com.br\/wp-content\/uploads\/2025\/10\/Sem-titulo-1.jpg 899w\" sizes=\"auto, (max-width: 576px) 100vw, 576px\" \/><\/figure>\n\n\n\n<figure class=\"wp-block-image size-large\"><img loading=\"lazy\" decoding=\"async\" width=\"576\" height=\"1024\" src=\"https:\/\/encontroamigosdoradio.com.br\/wp-content\/uploads\/2025\/10\/Sem-titulo-1-1-576x1024.jpg\" alt=\"\" class=\"wp-image-858\" srcset=\"https:\/\/encontroamigosdoradio.com.br\/wp-content\/uploads\/2025\/10\/Sem-titulo-1-1-576x1024.jpg 576w, https:\/\/encontroamigosdoradio.com.br\/wp-content\/uploads\/2025\/10\/Sem-titulo-1-1-169x300.jpg 169w, https:\/\/encontroamigosdoradio.com.br\/wp-content\/uploads\/2025\/10\/Sem-titulo-1-1-768x1366.jpg 768w, https:\/\/encontroamigosdoradio.com.br\/wp-content\/uploads\/2025\/10\/Sem-titulo-1-1-864x1536.jpg 864w, https:\/\/encontroamigosdoradio.com.br\/wp-content\/uploads\/2025\/10\/Sem-titulo-1-1.jpg 899w\" sizes=\"auto, (max-width: 576px) 100vw, 576px\" \/><\/figure>\n\n\n\n<figure class=\"wp-block-image size-large\"><img loading=\"lazy\" decoding=\"async\" width=\"576\" height=\"1024\" src=\"https:\/\/encontroamigosdoradio.com.br\/wp-content\/uploads\/2025\/10\/Sem-titulo-2-576x1024.jpg\" alt=\"\" class=\"wp-image-859\" srcset=\"https:\/\/encontroamigosdoradio.com.br\/wp-content\/uploads\/2025\/10\/Sem-titulo-2-576x1024.jpg 576w, https:\/\/encontroamigosdoradio.com.br\/wp-content\/uploads\/2025\/10\/Sem-titulo-2-169x300.jpg 169w, https:\/\/encontroamigosdoradio.com.br\/wp-content\/uploads\/2025\/10\/Sem-titulo-2-768x1366.jpg 768w, https:\/\/encontroamigosdoradio.com.br\/wp-content\/uploads\/2025\/10\/Sem-titulo-2-864x1536.jpg 864w, https:\/\/encontroamigosdoradio.com.br\/wp-content\/uploads\/2025\/10\/Sem-titulo-2.jpg 899w\" sizes=\"auto, (max-width: 576px) 100vw, 576px\" \/><\/figure>\n","protected":false},"excerpt":{"rendered":"<p>Antena para a banda de 10m a 80m ajust\u00e1vel por comando el\u00e9trico. Entre em contato, precisando de uma antena para seu carro, caminh\u00e3o ou apartamento, aqui est\u00e1 a antena, venha conferir no 5\u00ba Encontro Amigos do R\u00e1dio dia 12\/10\/2025 aqui em Artur Nogueira, SP. Entre em contato agora e emcomende a sua +5551993422228 Canal no [&hellip;]<\/p>\n","protected":false},"author":1,"featured_media":860,"comment_status":"open","ping_status":"open","sticky":false,"template":"","format":"standard","meta":{"footnotes":""},"categories":[140,4],"tags":[87,246,242,244,243,89,111,245],"class_list":["post-855","post","type-post","status-publish","format-standard","has-post-thumbnail","hentry","category-140","category-novidade","tag-antena","tag-antena-motorizada","tag-apartamento","tag-caminhao","tag-carro","tag-hf","tag-movel","tag-pu3mak"],"yoast_head":"<!-- This site is optimized with the Yoast SEO plugin v27.5 - https:\/\/yoast.com\/product\/yoast-seo-wordpress\/ -->\n<title>PU3MAK Antena Motorizada - 6\u00ba Encontro Amigos do R\u00e1dio 10-11\/10\/2026<\/title>\n<meta name=\"robots\" content=\"index, follow, max-snippet:-1, max-image-preview:large, max-video-preview:-1\" \/>\n<link rel=\"canonical\" href=\"https:\/\/encontroamigosdoradio.com.br\/index.php\/2025\/10\/09\/pu3mak-antena-motorizada\/\" \/>\n<meta property=\"og:locale\" content=\"pt_BR\" \/>\n<meta property=\"og:type\" content=\"article\" \/>\n<meta property=\"og:title\" content=\"PU3MAK Antena Motorizada - 6\u00ba Encontro Amigos do R\u00e1dio 10-11\/10\/2026\" \/>\n<meta property=\"og:description\" content=\"Antena para a banda de 10m a 80m ajust\u00e1vel por comando el\u00e9trico. Entre em contato, precisando de uma antena para seu carro, caminh\u00e3o ou apartamento, aqui est\u00e1 a antena, venha conferir no 5\u00ba Encontro Amigos do R\u00e1dio dia 12\/10\/2025 aqui em Artur Nogueira, SP. Entre em contato agora e emcomende a sua +5551993422228 Canal no [&hellip;]\" \/>\n<meta property=\"og:url\" content=\"https:\/\/encontroamigosdoradio.com.br\/index.php\/2025\/10\/09\/pu3mak-antena-motorizada\/\" \/>\n<meta property=\"og:site_name\" content=\"6\u00ba Encontro Amigos do R\u00e1dio 10-11\/10\/2026\" \/>\n<meta property=\"article:published_time\" content=\"2025-10-09T09:32:17+00:00\" \/>\n<meta property=\"article:modified_time\" content=\"2025-10-09T09:32:18+00:00\" \/>\n<meta property=\"og:image\" content=\"https:\/\/encontroamigosdoradio.com.br\/wp-content\/uploads\/2025\/10\/anate-andar-pu3makpng.png\" \/>\n\t<meta property=\"og:image:width\" content=\"620\" \/>\n\t<meta property=\"og:image:height\" content=\"321\" \/>\n\t<meta property=\"og:image:type\" content=\"image\/png\" \/>\n<meta name=\"author\" content=\"Rubens Zolotujin\" \/>\n<meta name=\"twitter:card\" content=\"summary_large_image\" \/>\n<meta name=\"twitter:label1\" content=\"Escrito por\" \/>\n\t<meta name=\"twitter:data1\" content=\"Rubens Zolotujin\" \/>\n\t<meta name=\"twitter:label2\" content=\"Est. tempo de leitura\" \/>\n\t<meta name=\"twitter:data2\" content=\"2 minutos\" \/>\n<script type=\"application\/ld+json\" class=\"yoast-schema-graph\">{\"@context\":\"https:\\\/\\\/schema.org\",\"@graph\":[{\"@type\":\"Article\",\"@id\":\"https:\\\/\\\/encontroamigosdoradio.com.br\\\/index.php\\\/2025\\\/10\\\/09\\\/pu3mak-antena-motorizada\\\/#article\",\"isPartOf\":{\"@id\":\"https:\\\/\\\/encontroamigosdoradio.com.br\\\/index.php\\\/2025\\\/10\\\/09\\\/pu3mak-antena-motorizada\\\/\"},\"author\":{\"name\":\"Rubens Zolotujin\",\"@id\":\"https:\\\/\\\/encontroamigosdoradio.com.br\\\/#\\\/schema\\\/person\\\/d6e110451ebb586b25023605897f1ddc\"},\"headline\":\"PU3MAK Antena Motorizada\",\"datePublished\":\"2025-10-09T09:32:17+00:00\",\"dateModified\":\"2025-10-09T09:32:18+00:00\",\"mainEntityOfPage\":{\"@id\":\"https:\\\/\\\/encontroamigosdoradio.com.br\\\/index.php\\\/2025\\\/10\\\/09\\\/pu3mak-antena-motorizada\\\/\"},\"wordCount\":75,\"commentCount\":0,\"publisher\":{\"@id\":\"https:\\\/\\\/encontroamigosdoradio.com.br\\\/#organization\"},\"image\":{\"@id\":\"https:\\\/\\\/encontroamigosdoradio.com.br\\\/index.php\\\/2025\\\/10\\\/09\\\/pu3mak-antena-motorizada\\\/#primaryimage\"},\"thumbnailUrl\":\"https:\\\/\\\/encontroamigosdoradio.com.br\\\/wp-content\\\/uploads\\\/2025\\\/10\\\/anate-andar-pu3makpng.png\",\"keywords\":[\"antena\",\"antena motorizada\",\"apartamento\",\"caminh\u00e3o\",\"carro\",\"hf\",\"movel\",\"pu3mak\"],\"articleSection\":[\"2025\",\"Novidade\"],\"inLanguage\":\"pt-BR\",\"potentialAction\":[{\"@type\":\"CommentAction\",\"name\":\"Comment\",\"target\":[\"https:\\\/\\\/encontroamigosdoradio.com.br\\\/index.php\\\/2025\\\/10\\\/09\\\/pu3mak-antena-motorizada\\\/#respond\"]}]},{\"@type\":\"WebPage\",\"@id\":\"https:\\\/\\\/encontroamigosdoradio.com.br\\\/index.php\\\/2025\\\/10\\\/09\\\/pu3mak-antena-motorizada\\\/\",\"url\":\"https:\\\/\\\/encontroamigosdoradio.com.br\\\/index.php\\\/2025\\\/10\\\/09\\\/pu3mak-antena-motorizada\\\/\",\"name\":\"PU3MAK Antena Motorizada - 6\u00ba Encontro Amigos do R\u00e1dio 10-11\\\/10\\\/2026\",\"isPartOf\":{\"@id\":\"https:\\\/\\\/encontroamigosdoradio.com.br\\\/#website\"},\"primaryImageOfPage\":{\"@id\":\"https:\\\/\\\/encontroamigosdoradio.com.br\\\/index.php\\\/2025\\\/10\\\/09\\\/pu3mak-antena-motorizada\\\/#primaryimage\"},\"image\":{\"@id\":\"https:\\\/\\\/encontroamigosdoradio.com.br\\\/index.php\\\/2025\\\/10\\\/09\\\/pu3mak-antena-motorizada\\\/#primaryimage\"},\"thumbnailUrl\":\"https:\\\/\\\/encontroamigosdoradio.com.br\\\/wp-content\\\/uploads\\\/2025\\\/10\\\/anate-andar-pu3makpng.png\",\"datePublished\":\"2025-10-09T09:32:17+00:00\",\"dateModified\":\"2025-10-09T09:32:18+00:00\",\"breadcrumb\":{\"@id\":\"https:\\\/\\\/encontroamigosdoradio.com.br\\\/index.php\\\/2025\\\/10\\\/09\\\/pu3mak-antena-motorizada\\\/#breadcrumb\"},\"inLanguage\":\"pt-BR\",\"potentialAction\":[{\"@type\":\"ReadAction\",\"target\":[\"https:\\\/\\\/encontroamigosdoradio.com.br\\\/index.php\\\/2025\\\/10\\\/09\\\/pu3mak-antena-motorizada\\\/\"]}]},{\"@type\":\"ImageObject\",\"inLanguage\":\"pt-BR\",\"@id\":\"https:\\\/\\\/encontroamigosdoradio.com.br\\\/index.php\\\/2025\\\/10\\\/09\\\/pu3mak-antena-motorizada\\\/#primaryimage\",\"url\":\"https:\\\/\\\/encontroamigosdoradio.com.br\\\/wp-content\\\/uploads\\\/2025\\\/10\\\/anate-andar-pu3makpng.png\",\"contentUrl\":\"https:\\\/\\\/encontroamigosdoradio.com.br\\\/wp-content\\\/uploads\\\/2025\\\/10\\\/anate-andar-pu3makpng.png\",\"width\":620,\"height\":321},{\"@type\":\"BreadcrumbList\",\"@id\":\"https:\\\/\\\/encontroamigosdoradio.com.br\\\/index.php\\\/2025\\\/10\\\/09\\\/pu3mak-antena-motorizada\\\/#breadcrumb\",\"itemListElement\":[{\"@type\":\"ListItem\",\"position\":1,\"name\":\"In\u00edcio\",\"item\":\"https:\\\/\\\/encontroamigosdoradio.com.br\\\/\"},{\"@type\":\"ListItem\",\"position\":2,\"name\":\"PU3MAK Antena Motorizada\"}]},{\"@type\":\"WebSite\",\"@id\":\"https:\\\/\\\/encontroamigosdoradio.com.br\\\/#website\",\"url\":\"https:\\\/\\\/encontroamigosdoradio.com.br\\\/\",\"name\":\"Encontro Amigos do R\u00e1dio\",\"description\":\"Onde a paix\u00e3o vira comunica\u00e7\u00e3o e amizade vira fam\u00edlia\",\"publisher\":{\"@id\":\"https:\\\/\\\/encontroamigosdoradio.com.br\\\/#organization\"},\"potentialAction\":[{\"@type\":\"SearchAction\",\"target\":{\"@type\":\"EntryPoint\",\"urlTemplate\":\"https:\\\/\\\/encontroamigosdoradio.com.br\\\/?s={search_term_string}\"},\"query-input\":{\"@type\":\"PropertyValueSpecification\",\"valueRequired\":true,\"valueName\":\"search_term_string\"}}],\"inLanguage\":\"pt-BR\"},{\"@type\":\"Organization\",\"@id\":\"https:\\\/\\\/encontroamigosdoradio.com.br\\\/#organization\",\"name\":\"Encontro Amigos do R\u00e1dio\",\"url\":\"https:\\\/\\\/encontroamigosdoradio.com.br\\\/\",\"logo\":{\"@type\":\"ImageObject\",\"inLanguage\":\"pt-BR\",\"@id\":\"https:\\\/\\\/encontroamigosdoradio.com.br\\\/#\\\/schema\\\/logo\\\/image\\\/\",\"url\":\"https:\\\/\\\/encontroamigosdoradio.com.br\\\/wp-content\\\/uploads\\\/2025\\\/02\\\/banner1-dia12102025.png\",\"contentUrl\":\"https:\\\/\\\/encontroamigosdoradio.com.br\\\/wp-content\\\/uploads\\\/2025\\\/02\\\/banner1-dia12102025.png\",\"width\":580,\"height\":300,\"caption\":\"Encontro Amigos do R\u00e1dio\"},\"image\":{\"@id\":\"https:\\\/\\\/encontroamigosdoradio.com.br\\\/#\\\/schema\\\/logo\\\/image\\\/\"}},{\"@type\":\"Person\",\"@id\":\"https:\\\/\\\/encontroamigosdoradio.com.br\\\/#\\\/schema\\\/person\\\/d6e110451ebb586b25023605897f1ddc\",\"name\":\"Rubens Zolotujin\",\"image\":{\"@type\":\"ImageObject\",\"inLanguage\":\"pt-BR\",\"@id\":\"https:\\\/\\\/secure.gravatar.com\\\/avatar\\\/75203a53777d93c2944e43b42c5c0182dcdfd065132431fdb6476d9ace333e73?s=96&d=mm&r=g\",\"url\":\"https:\\\/\\\/secure.gravatar.com\\\/avatar\\\/75203a53777d93c2944e43b42c5c0182dcdfd065132431fdb6476d9ace333e73?s=96&d=mm&r=g\",\"contentUrl\":\"https:\\\/\\\/secure.gravatar.com\\\/avatar\\\/75203a53777d93c2944e43b42c5c0182dcdfd065132431fdb6476d9ace333e73?s=96&d=mm&r=g\",\"caption\":\"Rubens Zolotujin\"},\"description\":\"Rubens Zolotujin \u00e9 verdadeiramente um indiv\u00edduo not\u00e1vel que combina uma profunda paix\u00e3o por radioamadorismo, vasto conhecimento em tecnologia e cyberseguran\u00e7a, al\u00e9m de uma sede insaci\u00e1vel por aprender e viajar. Seu comprometimento com o aprimoramento pessoal e a explora\u00e7\u00e3o do mundo fazem dele uma figura inspiradora e respeitada em sua comunidade e al\u00e9m.\",\"sameAs\":[\"https:\\\/\\\/encontroamigosdoradio.com.br\"],\"url\":\"https:\\\/\\\/encontroamigosdoradio.com.br\\\/index.php\\\/author\\\/py2ve\\\/\"}]}<\/script>\n<!-- \/ Yoast SEO plugin. -->","yoast_head_json":{"title":"PU3MAK Antena Motorizada - 6\u00ba Encontro Amigos do R\u00e1dio 10-11\/10\/2026","robots":{"index":"index","follow":"follow","max-snippet":"max-snippet:-1","max-image-preview":"max-image-preview:large","max-video-preview":"max-video-preview:-1"},"canonical":"https:\/\/encontroamigosdoradio.com.br\/index.php\/2025\/10\/09\/pu3mak-antena-motorizada\/","og_locale":"pt_BR","og_type":"article","og_title":"PU3MAK Antena Motorizada - 6\u00ba Encontro Amigos do R\u00e1dio 10-11\/10\/2026","og_description":"Antena para a banda de 10m a 80m ajust\u00e1vel por comando el\u00e9trico. Entre em contato, precisando de uma antena para seu carro, caminh\u00e3o ou apartamento, aqui est\u00e1 a antena, venha conferir no 5\u00ba Encontro Amigos do R\u00e1dio dia 12\/10\/2025 aqui em Artur Nogueira, SP. Entre em contato agora e emcomende a sua +5551993422228 Canal no [&hellip;]","og_url":"https:\/\/encontroamigosdoradio.com.br\/index.php\/2025\/10\/09\/pu3mak-antena-motorizada\/","og_site_name":"6\u00ba Encontro Amigos do R\u00e1dio 10-11\/10\/2026","article_published_time":"2025-10-09T09:32:17+00:00","article_modified_time":"2025-10-09T09:32:18+00:00","og_image":[{"width":620,"height":321,"url":"https:\/\/encontroamigosdoradio.com.br\/wp-content\/uploads\/2025\/10\/anate-andar-pu3makpng.png","type":"image\/png"}],"author":"Rubens Zolotujin","twitter_card":"summary_large_image","twitter_misc":{"Escrito por":"Rubens Zolotujin","Est. tempo de leitura":"2 minutos"},"schema":{"@context":"https:\/\/schema.org","@graph":[{"@type":"Article","@id":"https:\/\/encontroamigosdoradio.com.br\/index.php\/2025\/10\/09\/pu3mak-antena-motorizada\/#article","isPartOf":{"@id":"https:\/\/encontroamigosdoradio.com.br\/index.php\/2025\/10\/09\/pu3mak-antena-motorizada\/"},"author":{"name":"Rubens Zolotujin","@id":"https:\/\/encontroamigosdoradio.com.br\/#\/schema\/person\/d6e110451ebb586b25023605897f1ddc"},"headline":"PU3MAK Antena Motorizada","datePublished":"2025-10-09T09:32:17+00:00","dateModified":"2025-10-09T09:32:18+00:00","mainEntityOfPage":{"@id":"https:\/\/encontroamigosdoradio.com.br\/index.php\/2025\/10\/09\/pu3mak-antena-motorizada\/"},"wordCount":75,"commentCount":0,"publisher":{"@id":"https:\/\/encontroamigosdoradio.com.br\/#organization"},"image":{"@id":"https:\/\/encontroamigosdoradio.com.br\/index.php\/2025\/10\/09\/pu3mak-antena-motorizada\/#primaryimage"},"thumbnailUrl":"https:\/\/encontroamigosdoradio.com.br\/wp-content\/uploads\/2025\/10\/anate-andar-pu3makpng.png","keywords":["antena","antena motorizada","apartamento","caminh\u00e3o","carro","hf","movel","pu3mak"],"articleSection":["2025","Novidade"],"inLanguage":"pt-BR","potentialAction":[{"@type":"CommentAction","name":"Comment","target":["https:\/\/encontroamigosdoradio.com.br\/index.php\/2025\/10\/09\/pu3mak-antena-motorizada\/#respond"]}]},{"@type":"WebPage","@id":"https:\/\/encontroamigosdoradio.com.br\/index.php\/2025\/10\/09\/pu3mak-antena-motorizada\/","url":"https:\/\/encontroamigosdoradio.com.br\/index.php\/2025\/10\/09\/pu3mak-antena-motorizada\/","name":"PU3MAK Antena Motorizada - 6\u00ba Encontro Amigos do R\u00e1dio 10-11\/10\/2026","isPartOf":{"@id":"https:\/\/encontroamigosdoradio.com.br\/#website"},"primaryImageOfPage":{"@id":"https:\/\/encontroamigosdoradio.com.br\/index.php\/2025\/10\/09\/pu3mak-antena-motorizada\/#primaryimage"},"image":{"@id":"https:\/\/encontroamigosdoradio.com.br\/index.php\/2025\/10\/09\/pu3mak-antena-motorizada\/#primaryimage"},"thumbnailUrl":"https:\/\/encontroamigosdoradio.com.br\/wp-content\/uploads\/2025\/10\/anate-andar-pu3makpng.png","datePublished":"2025-10-09T09:32:17+00:00","dateModified":"2025-10-09T09:32:18+00:00","breadcrumb":{"@id":"https:\/\/encontroamigosdoradio.com.br\/index.php\/2025\/10\/09\/pu3mak-antena-motorizada\/#breadcrumb"},"inLanguage":"pt-BR","potentialAction":[{"@type":"ReadAction","target":["https:\/\/encontroamigosdoradio.com.br\/index.php\/2025\/10\/09\/pu3mak-antena-motorizada\/"]}]},{"@type":"ImageObject","inLanguage":"pt-BR","@id":"https:\/\/encontroamigosdoradio.com.br\/index.php\/2025\/10\/09\/pu3mak-antena-motorizada\/#primaryimage","url":"https:\/\/encontroamigosdoradio.com.br\/wp-content\/uploads\/2025\/10\/anate-andar-pu3makpng.png","contentUrl":"https:\/\/encontroamigosdoradio.com.br\/wp-content\/uploads\/2025\/10\/anate-andar-pu3makpng.png","width":620,"height":321},{"@type":"BreadcrumbList","@id":"https:\/\/encontroamigosdoradio.com.br\/index.php\/2025\/10\/09\/pu3mak-antena-motorizada\/#breadcrumb","itemListElement":[{"@type":"ListItem","position":1,"name":"In\u00edcio","item":"https:\/\/encontroamigosdoradio.com.br\/"},{"@type":"ListItem","position":2,"name":"PU3MAK Antena Motorizada"}]},{"@type":"WebSite","@id":"https:\/\/encontroamigosdoradio.com.br\/#website","url":"https:\/\/encontroamigosdoradio.com.br\/","name":"Encontro Amigos do R\u00e1dio","description":"Onde a paix\u00e3o vira comunica\u00e7\u00e3o e amizade vira fam\u00edlia","publisher":{"@id":"https:\/\/encontroamigosdoradio.com.br\/#organization"},"potentialAction":[{"@type":"SearchAction","target":{"@type":"EntryPoint","urlTemplate":"https:\/\/encontroamigosdoradio.com.br\/?s={search_term_string}"},"query-input":{"@type":"PropertyValueSpecification","valueRequired":true,"valueName":"search_term_string"}}],"inLanguage":"pt-BR"},{"@type":"Organization","@id":"https:\/\/encontroamigosdoradio.com.br\/#organization","name":"Encontro Amigos do R\u00e1dio","url":"https:\/\/encontroamigosdoradio.com.br\/","logo":{"@type":"ImageObject","inLanguage":"pt-BR","@id":"https:\/\/encontroamigosdoradio.com.br\/#\/schema\/logo\/image\/","url":"https:\/\/encontroamigosdoradio.com.br\/wp-content\/uploads\/2025\/02\/banner1-dia12102025.png","contentUrl":"https:\/\/encontroamigosdoradio.com.br\/wp-content\/uploads\/2025\/02\/banner1-dia12102025.png","width":580,"height":300,"caption":"Encontro Amigos do R\u00e1dio"},"image":{"@id":"https:\/\/encontroamigosdoradio.com.br\/#\/schema\/logo\/image\/"}},{"@type":"Person","@id":"https:\/\/encontroamigosdoradio.com.br\/#\/schema\/person\/d6e110451ebb586b25023605897f1ddc","name":"Rubens Zolotujin","image":{"@type":"ImageObject","inLanguage":"pt-BR","@id":"https:\/\/secure.gravatar.com\/avatar\/75203a53777d93c2944e43b42c5c0182dcdfd065132431fdb6476d9ace333e73?s=96&d=mm&r=g","url":"https:\/\/secure.gravatar.com\/avatar\/75203a53777d93c2944e43b42c5c0182dcdfd065132431fdb6476d9ace333e73?s=96&d=mm&r=g","contentUrl":"https:\/\/secure.gravatar.com\/avatar\/75203a53777d93c2944e43b42c5c0182dcdfd065132431fdb6476d9ace333e73?s=96&d=mm&r=g","caption":"Rubens Zolotujin"},"description":"Rubens Zolotujin \u00e9 verdadeiramente um indiv\u00edduo not\u00e1vel que combina uma profunda paix\u00e3o por radioamadorismo, vasto conhecimento em tecnologia e cyberseguran\u00e7a, al\u00e9m de uma sede insaci\u00e1vel por aprender e viajar. Seu comprometimento com o aprimoramento pessoal e a explora\u00e7\u00e3o do mundo fazem dele uma figura inspiradora e respeitada em sua comunidade e al\u00e9m.","sameAs":["https:\/\/encontroamigosdoradio.com.br"],"url":"https:\/\/encontroamigosdoradio.com.br\/index.php\/author\/py2ve\/"}]}},"_links":{"self":[{"href":"https:\/\/encontroamigosdoradio.com.br\/index.php\/wp-json\/wp\/v2\/posts\/855","targetHints":{"allow":["GET"]}}],"collection":[{"href":"https:\/\/encontroamigosdoradio.com.br\/index.php\/wp-json\/wp\/v2\/posts"}],"about":[{"href":"https:\/\/encontroamigosdoradio.com.br\/index.php\/wp-json\/wp\/v2\/types\/post"}],"author":[{"embeddable":true,"href":"https:\/\/encontroamigosdoradio.com.br\/index.php\/wp-json\/wp\/v2\/users\/1"}],"replies":[{"embeddable":true,"href":"https:\/\/encontroamigosdoradio.com.br\/index.php\/wp-json\/wp\/v2\/comments?post=855"}],"version-history":[{"count":1,"href":"https:\/\/encontroamigosdoradio.com.br\/index.php\/wp-json\/wp\/v2\/posts\/855\/revisions"}],"predecessor-version":[{"id":861,"href":"https:\/\/encontroamigosdoradio.com.br\/index.php\/wp-json\/wp\/v2\/posts\/855\/revisions\/861"}],"wp:featuredmedia":[{"embeddable":true,"href":"https:\/\/encontroamigosdoradio.com.br\/index.php\/wp-json\/wp\/v2\/media\/860"}],"wp:attachment":[{"href":"https:\/\/encontroamigosdoradio.com.br\/index.php\/wp-json\/wp\/v2\/media?parent=855"}],"wp:term":[{"taxonomy":"category","embeddable":true,"href":"https:\/\/encontroamigosdoradio.com.br\/index.php\/wp-json\/wp\/v2\/categories?post=855"},{"taxonomy":"post_tag","embeddable":true,"href":"https:\/\/encontroamigosdoradio.com.br\/index.php\/wp-json\/wp\/v2\/tags?post=855"}],"curies":[{"name":"wp","href":"https:\/\/api.w.org\/{rel}","templated":true}]}}