{"id":862,"date":"2025-10-09T21:25:57","date_gmt":"2025-10-10T00:25:57","guid":{"rendered":"https:\/\/encontroamigosdoradio.com.br\/?p=862"},"modified":"2025-10-10T07:28:01","modified_gmt":"2025-10-10T10:28:01","slug":"grupo-mutum-em-comboio-para-o-encontro-de-artur-nogueira","status":"publish","type":"post","link":"https:\/\/encontroamigosdoradio.com.br\/index.php\/2025\/10\/09\/grupo-mutum-em-comboio-para-o-encontro-de-artur-nogueira\/","title":{"rendered":"Grupo Mutum em comboio para o Encontro de Artur Nogueira"},"content":{"rendered":"<div class=\"wp-block-image\">\n<figure class=\"aligncenter size-full is-resized\"><img loading=\"lazy\" decoding=\"async\" width=\"608\" height=\"525\" src=\"https:\/\/encontroamigosdoradio.com.br\/wp-content\/uploads\/2025\/10\/mutum3.jpg\" alt=\"\" class=\"wp-image-870\" style=\"width:309px;height:auto\" srcset=\"https:\/\/encontroamigosdoradio.com.br\/wp-content\/uploads\/2025\/10\/mutum3.jpg 608w, https:\/\/encontroamigosdoradio.com.br\/wp-content\/uploads\/2025\/10\/mutum3-300x259.jpg 300w\" sizes=\"auto, (max-width: 608px) 100vw, 608px\" \/><\/figure>\n<\/div>\n\n\n<p class=\"wp-block-paragraph\">O grupo<strong> MUTUM DE RADIO EXPEDI\u00c7\u00c3O<\/strong> convida a todos<br><strong>Acompanhar o comboio durante todo trajeto a S\u00e3o Paulo\u2026. preparem e aponte as antenas .. ai vem eles&#8230;<\/strong><\/p>\n\n\n\n<p class=\"wp-block-paragraph\"><strong>Segue as qrg principais de uso<\/strong><\/p>\n\n\n\n<p class=\"wp-block-paragraph\">Ou acompanhe <a href=\"http:\/\/appr.org.br:8905\/index_2.html\">via SDR Pardinho<\/a> <\/p>\n\n\n\n<p class=\"wp-block-paragraph\">145570 APRS<br>146520 Direto Simplex<\/p>\n\n\n\n<p class=\"wp-block-paragraph\">14.115 &#8211; 20 metros<br>7.093 &#8211; 40 metros<br>3.715 80 metros<\/p>\n\n\n\n<p class=\"wp-block-paragraph\">27.015 canal 5 11 metros<\/p>\n\n\n\n<p class=\"wp-block-paragraph\">APRS Via r\u00e1dio:<\/p>\n\n\n\n<ul class=\"wp-block-list\">\n<li>PT2WWV-9<\/li>\n\n\n\n<li>PP2CC-9<\/li>\n<\/ul>\n\n\n\n<p class=\"wp-block-paragraph\">Via celular:<\/p>\n\n\n\n<ul class=\"wp-block-list\">\n<li>PT2AP-5<\/li>\n\n\n\n<li>PP2DX-10<\/li>\n<\/ul>\n\n\n\n<p class=\"wp-block-paragraph\">Vamos sair amanh\u00e3 10 de outubro as 18 horas<\/p>\n\n\n\n<p class=\"has-text-align-center wp-block-paragraph\"><br><strong>E vamos rodar durante toda a noite\u2026.sendo principalmente nessa primeira noite 80 metros ativos .<\/strong><\/p>\n\n\n\n<p class=\"wp-block-paragraph\">Por favor se poss\u00edvel tente respeitar a turma que estar\u00e1 m\u00f3vel e se esfor\u00e7ando para falar com todos .<\/p>\n\n\n\n<p class=\"wp-block-paragraph\">Todos qsos ser\u00e3o registrados.<\/p>\n\n\n\n<p class=\"wp-block-paragraph\"><strong>2025<\/strong><\/p>\n\n\n\n<figure class=\"wp-block-gallery has-nested-images columns-default is-cropped wp-block-gallery-1 is-layout-flex wp-block-gallery-is-layout-flex\">\n<figure class=\"wp-block-image size-large\"><img loading=\"lazy\" decoding=\"async\" width=\"1024\" height=\"574\" data-id=\"872\" src=\"https:\/\/encontroamigosdoradio.com.br\/wp-content\/uploads\/2025\/10\/WhatsApp-Image-2025-10-07-at-13.19.18-1024x574.jpeg\" alt=\"\" class=\"wp-image-872\" srcset=\"https:\/\/encontroamigosdoradio.com.br\/wp-content\/uploads\/2025\/10\/WhatsApp-Image-2025-10-07-at-13.19.18-1024x574.jpeg 1024w, https:\/\/encontroamigosdoradio.com.br\/wp-content\/uploads\/2025\/10\/WhatsApp-Image-2025-10-07-at-13.19.18-300x168.jpeg 300w, https:\/\/encontroamigosdoradio.com.br\/wp-content\/uploads\/2025\/10\/WhatsApp-Image-2025-10-07-at-13.19.18-768x431.jpeg 768w, https:\/\/encontroamigosdoradio.com.br\/wp-content\/uploads\/2025\/10\/WhatsApp-Image-2025-10-07-at-13.19.18-1536x861.jpeg 1536w, https:\/\/encontroamigosdoradio.com.br\/wp-content\/uploads\/2025\/10\/WhatsApp-Image-2025-10-07-at-13.19.18.jpeg 1600w\" sizes=\"auto, (max-width: 1024px) 100vw, 1024px\" \/><\/figure>\n\n\n\n<figure class=\"wp-block-image size-large\"><img loading=\"lazy\" decoding=\"async\" width=\"1024\" height=\"768\" data-id=\"871\" src=\"https:\/\/encontroamigosdoradio.com.br\/wp-content\/uploads\/2025\/10\/WhatsApp-Image-2025-10-07-at-14.32.21-1024x768.jpeg\" alt=\"\" class=\"wp-image-871\" srcset=\"https:\/\/encontroamigosdoradio.com.br\/wp-content\/uploads\/2025\/10\/WhatsApp-Image-2025-10-07-at-14.32.21-1024x768.jpeg 1024w, https:\/\/encontroamigosdoradio.com.br\/wp-content\/uploads\/2025\/10\/WhatsApp-Image-2025-10-07-at-14.32.21-300x225.jpeg 300w, https:\/\/encontroamigosdoradio.com.br\/wp-content\/uploads\/2025\/10\/WhatsApp-Image-2025-10-07-at-14.32.21-768x576.jpeg 768w, https:\/\/encontroamigosdoradio.com.br\/wp-content\/uploads\/2025\/10\/WhatsApp-Image-2025-10-07-at-14.32.21.jpeg 1280w\" sizes=\"auto, (max-width: 1024px) 100vw, 1024px\" \/><\/figure>\n<\/figure>\n\n\n\n<p class=\"wp-block-paragraph\"><strong>2023-2024<\/strong><\/p>\n\n\n\n<figure class=\"wp-block-gallery has-nested-images columns-default is-cropped wp-block-gallery-2 is-layout-flex wp-block-gallery-is-layout-flex\">\n<figure class=\"wp-block-image size-large\"><img loading=\"lazy\" decoding=\"async\" width=\"1024\" height=\"768\" data-id=\"863\" src=\"https:\/\/encontroamigosdoradio.com.br\/wp-content\/uploads\/2025\/10\/e4773071-d0bb-4345-bb07-65b391cfe86a-1024x768.jpg\" alt=\"\" class=\"wp-image-863\" srcset=\"https:\/\/encontroamigosdoradio.com.br\/wp-content\/uploads\/2025\/10\/e4773071-d0bb-4345-bb07-65b391cfe86a-1024x768.jpg 1024w, https:\/\/encontroamigosdoradio.com.br\/wp-content\/uploads\/2025\/10\/e4773071-d0bb-4345-bb07-65b391cfe86a-300x225.jpg 300w, https:\/\/encontroamigosdoradio.com.br\/wp-content\/uploads\/2025\/10\/e4773071-d0bb-4345-bb07-65b391cfe86a-768x576.jpg 768w, https:\/\/encontroamigosdoradio.com.br\/wp-content\/uploads\/2025\/10\/e4773071-d0bb-4345-bb07-65b391cfe86a.jpg 1214w\" sizes=\"auto, (max-width: 1024px) 100vw, 1024px\" \/><figcaption class=\"wp-element-caption\">Grupo em 2023<\/figcaption><\/figure>\n\n\n\n<figure class=\"wp-block-image size-large\"><img loading=\"lazy\" decoding=\"async\" width=\"513\" height=\"911\" data-id=\"867\" src=\"https:\/\/encontroamigosdoradio.com.br\/wp-content\/uploads\/2025\/10\/IMG_1905.jpg\" alt=\"\" class=\"wp-image-867\" srcset=\"https:\/\/encontroamigosdoradio.com.br\/wp-content\/uploads\/2025\/10\/IMG_1905.jpg 513w, https:\/\/encontroamigosdoradio.com.br\/wp-content\/uploads\/2025\/10\/IMG_1905-169x300.jpg 169w\" sizes=\"auto, (max-width: 513px) 100vw, 513px\" \/><figcaption class=\"wp-element-caption\">2024<\/figcaption><\/figure>\n\n\n\n<figure class=\"wp-block-image size-large\"><img loading=\"lazy\" decoding=\"async\" width=\"1024\" height=\"576\" data-id=\"866\" src=\"https:\/\/encontroamigosdoradio.com.br\/wp-content\/uploads\/2025\/10\/IMG_1902-1024x576.jpg\" alt=\"\" class=\"wp-image-866\" srcset=\"https:\/\/encontroamigosdoradio.com.br\/wp-content\/uploads\/2025\/10\/IMG_1902-1024x576.jpg 1024w, https:\/\/encontroamigosdoradio.com.br\/wp-content\/uploads\/2025\/10\/IMG_1902-300x169.jpg 300w, https:\/\/encontroamigosdoradio.com.br\/wp-content\/uploads\/2025\/10\/IMG_1902-768x432.jpg 768w, https:\/\/encontroamigosdoradio.com.br\/wp-content\/uploads\/2025\/10\/IMG_1902-1536x864.jpg 1536w, https:\/\/encontroamigosdoradio.com.br\/wp-content\/uploads\/2025\/10\/IMG_1902.jpg 1619w\" sizes=\"auto, (max-width: 1024px) 100vw, 1024px\" \/><figcaption class=\"wp-element-caption\">2024 01<\/figcaption><\/figure>\n\n\n\n<figure class=\"wp-block-image size-large\"><img loading=\"lazy\" decoding=\"async\" width=\"1024\" height=\"576\" data-id=\"868\" src=\"https:\/\/encontroamigosdoradio.com.br\/wp-content\/uploads\/2025\/10\/IMG_6071-1024x576.jpg\" alt=\"\" class=\"wp-image-868\" srcset=\"https:\/\/encontroamigosdoradio.com.br\/wp-content\/uploads\/2025\/10\/IMG_6071-1024x576.jpg 1024w, https:\/\/encontroamigosdoradio.com.br\/wp-content\/uploads\/2025\/10\/IMG_6071-300x169.jpg 300w, https:\/\/encontroamigosdoradio.com.br\/wp-content\/uploads\/2025\/10\/IMG_6071-768x432.jpg 768w, https:\/\/encontroamigosdoradio.com.br\/wp-content\/uploads\/2025\/10\/IMG_6071-1536x864.jpg 1536w, https:\/\/encontroamigosdoradio.com.br\/wp-content\/uploads\/2025\/10\/IMG_6071.jpg 1619w\" sizes=\"auto, (max-width: 1024px) 100vw, 1024px\" \/><figcaption class=\"wp-element-caption\">2024 -2<\/figcaption><\/figure>\n\n\n\n<figure class=\"wp-block-image size-large\"><img loading=\"lazy\" decoding=\"async\" width=\"1024\" height=\"576\" data-id=\"864\" src=\"https:\/\/encontroamigosdoradio.com.br\/wp-content\/uploads\/2025\/10\/IMG_1899-1024x576.jpg\" alt=\"\" class=\"wp-image-864\" srcset=\"https:\/\/encontroamigosdoradio.com.br\/wp-content\/uploads\/2025\/10\/IMG_1899-1024x576.jpg 1024w, https:\/\/encontroamigosdoradio.com.br\/wp-content\/uploads\/2025\/10\/IMG_1899-300x169.jpg 300w, https:\/\/encontroamigosdoradio.com.br\/wp-content\/uploads\/2025\/10\/IMG_1899-768x432.jpg 768w, https:\/\/encontroamigosdoradio.com.br\/wp-content\/uploads\/2025\/10\/IMG_1899-1536x864.jpg 1536w, https:\/\/encontroamigosdoradio.com.br\/wp-content\/uploads\/2025\/10\/IMG_1899.jpg 1619w\" sizes=\"auto, (max-width: 1024px) 100vw, 1024px\" \/><figcaption class=\"wp-element-caption\">2023 Grupo<\/figcaption><\/figure>\n\n\n\n<figure class=\"wp-block-image size-large\"><img loading=\"lazy\" decoding=\"async\" width=\"1024\" height=\"576\" data-id=\"865\" src=\"https:\/\/encontroamigosdoradio.com.br\/wp-content\/uploads\/2025\/10\/IMG_1901-1024x576.jpg\" alt=\"\" class=\"wp-image-865\" srcset=\"https:\/\/encontroamigosdoradio.com.br\/wp-content\/uploads\/2025\/10\/IMG_1901-1024x576.jpg 1024w, https:\/\/encontroamigosdoradio.com.br\/wp-content\/uploads\/2025\/10\/IMG_1901-300x169.jpg 300w, https:\/\/encontroamigosdoradio.com.br\/wp-content\/uploads\/2025\/10\/IMG_1901-768x432.jpg 768w, https:\/\/encontroamigosdoradio.com.br\/wp-content\/uploads\/2025\/10\/IMG_1901-1536x864.jpg 1536w, https:\/\/encontroamigosdoradio.com.br\/wp-content\/uploads\/2025\/10\/IMG_1901.jpg 1619w\" sizes=\"auto, (max-width: 1024px) 100vw, 1024px\" \/><figcaption class=\"wp-element-caption\">PT2WWV<\/figcaption><\/figure>\n\n\n\n<figure class=\"wp-block-image size-large\"><img loading=\"lazy\" decoding=\"async\" width=\"1024\" height=\"576\" data-id=\"869\" src=\"https:\/\/encontroamigosdoradio.com.br\/wp-content\/uploads\/2025\/10\/IMG_6131-1024x576.jpg\" alt=\"\" class=\"wp-image-869\" srcset=\"https:\/\/encontroamigosdoradio.com.br\/wp-content\/uploads\/2025\/10\/IMG_6131-1024x576.jpg 1024w, https:\/\/encontroamigosdoradio.com.br\/wp-content\/uploads\/2025\/10\/IMG_6131-300x169.jpg 300w, https:\/\/encontroamigosdoradio.com.br\/wp-content\/uploads\/2025\/10\/IMG_6131-768x432.jpg 768w, https:\/\/encontroamigosdoradio.com.br\/wp-content\/uploads\/2025\/10\/IMG_6131-1536x864.jpg 1536w, https:\/\/encontroamigosdoradio.com.br\/wp-content\/uploads\/2025\/10\/IMG_6131.jpg 1619w\" sizes=\"auto, (max-width: 1024px) 100vw, 1024px\" \/><figcaption class=\"wp-element-caption\">2024 Grupo<\/figcaption><\/figure>\n<\/figure>\n","protected":false},"excerpt":{"rendered":"<p>O grupo MUTUM DE RADIO EXPEDI\u00c7\u00c3O convida a todosAcompanhar o comboio durante todo trajeto a S\u00e3o Paulo\u2026. preparem e aponte as antenas .. ai vem eles&#8230; Segue as qrg principais de uso Ou acompanhe via SDR Pardinho 145570 APRS146520 Direto Simplex 14.115 &#8211; 20 metros7.093 &#8211; 40 metros3.715 80 metros 27.015 canal 5 11 metros [&hellip;]<\/p>\n","protected":false},"author":1,"featured_media":868,"comment_status":"open","ping_status":"open","sticky":false,"template":"","format":"standard","meta":{"footnotes":""},"categories":[140,4],"tags":[112,248,200,89,19],"class_list":["post-862","post","type-post","status-publish","format-standard","has-post-thumbnail","hentry","category-140","category-novidade","tag-brasilia","tag-carros","tag-comboio","tag-hf","tag-radioamadores"],"aioseo_notices":[],"aioseo_head":"\n\t\t<!-- All in One SEO 5.0.1.1 - aioseo.com -->\n\t<meta name=\"description\" content=\"O grupo MUTUM DE RADIO EXPEDI\u00c7\u00c3O convida a todosAcompanhar o comboio durante todo trajeto a S\u00e3o Paulo\u2026. preparem e aponte as antenas .. ai vem eles... Segue as qrg principais de uso Ou acompanhe via SDR Pardinho 145570 APRS146520 Direto Simplex 14.115 - 20 metros7.093 - 40 metros3.715 80 metros 27.015 canal 5 11 metros\" \/>\n\t<meta name=\"robots\" content=\"max-image-preview:large\" \/>\n\t<meta name=\"author\" content=\"Rubens Zolotujin\"\/>\n\t<link rel=\"canonical\" href=\"https:\/\/encontroamigosdoradio.com.br\/index.php\/2025\/10\/09\/grupo-mutum-em-comboio-para-o-encontro-de-artur-nogueira\/\" \/>\n\t<meta name=\"generator\" content=\"All in One SEO (AIOSEO) 5.0.1.1\" \/>\n\t\t<meta property=\"og:locale\" content=\"pt_BR\" \/>\n\t\t<meta property=\"og:site_name\" content=\"6\u00ba Encontro Amigos do R\u00e1dio 111\/10\/2026 - Onde a paix\u00e3o vira comunica\u00e7\u00e3o e amizade vira fam\u00edlia\" \/>\n\t\t<meta property=\"og:type\" content=\"article\" \/>\n\t\t<meta property=\"og:title\" content=\"Grupo Mutum em comboio para o Encontro de Artur Nogueira - 6\u00ba Encontro Amigos do R\u00e1dio 111\/10\/2026\" \/>\n\t\t<meta property=\"og:description\" content=\"O grupo MUTUM DE RADIO EXPEDI\u00c7\u00c3O convida a todosAcompanhar o comboio durante todo trajeto a S\u00e3o Paulo\u2026. preparem e aponte as antenas .. ai vem eles... Segue as qrg principais de uso Ou acompanhe via SDR Pardinho 145570 APRS146520 Direto Simplex 14.115 - 20 metros7.093 - 40 metros3.715 80 metros 27.015 canal 5 11 metros\" \/>\n\t\t<meta property=\"og:url\" content=\"https:\/\/encontroamigosdoradio.com.br\/index.php\/2025\/10\/09\/grupo-mutum-em-comboio-para-o-encontro-de-artur-nogueira\/\" \/>\n\t\t<meta property=\"og:image\" content=\"https:\/\/encontroamigosdoradio.com.br\/wp-content\/uploads\/2026\/07\/cropped-banner-01.png\" \/>\n\t\t<meta property=\"og:image:secure_url\" content=\"https:\/\/encontroamigosdoradio.com.br\/wp-content\/uploads\/2026\/07\/cropped-banner-01.png\" \/>\n\t\t<meta property=\"og:image:width\" content=\"1919\" \/>\n\t\t<meta property=\"og:image:height\" content=\"600\" \/>\n\t\t<meta property=\"article:published_time\" content=\"2025-10-10T00:25:57+00:00\" \/>\n\t\t<meta property=\"article:modified_time\" content=\"2025-10-10T10:28:01+00:00\" \/>\n\t\t<meta name=\"twitter:card\" content=\"summary_large_image\" \/>\n\t\t<meta name=\"twitter:title\" content=\"Grupo Mutum em comboio para o Encontro de Artur Nogueira - 6\u00ba Encontro Amigos do R\u00e1dio 111\/10\/2026\" \/>\n\t\t<meta name=\"twitter:description\" content=\"O grupo MUTUM DE RADIO EXPEDI\u00c7\u00c3O convida a todosAcompanhar o comboio durante todo trajeto a S\u00e3o Paulo\u2026. preparem e aponte as antenas .. ai vem eles... Segue as qrg principais de uso Ou acompanhe via SDR Pardinho 145570 APRS146520 Direto Simplex 14.115 - 20 metros7.093 - 40 metros3.715 80 metros 27.015 canal 5 11 metros\" \/>\n\t\t<meta name=\"twitter:image\" content=\"https:\/\/encontroamigosdoradio.com.br\/wp-content\/uploads\/2026\/07\/cropped-banner-01.png\" \/>\n\t\t<script type=\"application\/ld+json\" class=\"aioseo-schema\">\n\t\t\t{\"@context\":\"https:\\\/\\\/schema.org\",\"@graph\":[{\"@type\":\"BlogPosting\",\"@id\":\"https:\\\/\\\/encontroamigosdoradio.com.br\\\/index.php\\\/2025\\\/10\\\/09\\\/grupo-mutum-em-comboio-para-o-encontro-de-artur-nogueira\\\/#blogposting\",\"name\":\"Grupo Mutum em comboio para o Encontro de Artur Nogueira - 6\\u00ba Encontro Amigos do R\\u00e1dio 111\\\/10\\\/2026\",\"headline\":\"Grupo Mutum em comboio para o Encontro de Artur Nogueira\",\"author\":{\"@id\":\"https:\\\/\\\/encontroamigosdoradio.com.br\\\/index.php\\\/author\\\/py2ve\\\/#author\"},\"publisher\":{\"@id\":\"https:\\\/\\\/encontroamigosdoradio.com.br\\\/#organization\"},\"image\":{\"@type\":\"ImageObject\",\"url\":\"https:\\\/\\\/encontroamigosdoradio.com.br\\\/wp-content\\\/uploads\\\/2025\\\/10\\\/IMG_6071.jpg\",\"width\":1619,\"height\":911,\"caption\":\"2024 -2\"},\"datePublished\":\"2025-10-09T21:25:57-03:00\",\"dateModified\":\"2025-10-10T07:28:01-03:00\",\"inLanguage\":\"pt-BR\",\"mainEntityOfPage\":{\"@id\":\"https:\\\/\\\/encontroamigosdoradio.com.br\\\/index.php\\\/2025\\\/10\\\/09\\\/grupo-mutum-em-comboio-para-o-encontro-de-artur-nogueira\\\/#webpage\"},\"isPartOf\":{\"@id\":\"https:\\\/\\\/encontroamigosdoradio.com.br\\\/index.php\\\/2025\\\/10\\\/09\\\/grupo-mutum-em-comboio-para-o-encontro-de-artur-nogueira\\\/#webpage\"},\"articleSection\":\"2025, Novidade, brasilia, carros, comboio, hf, radioamadores\"},{\"@type\":\"BreadcrumbList\",\"@id\":\"https:\\\/\\\/encontroamigosdoradio.com.br\\\/index.php\\\/2025\\\/10\\\/09\\\/grupo-mutum-em-comboio-para-o-encontro-de-artur-nogueira\\\/#breadcrumblist\",\"itemListElement\":[{\"@type\":\"ListItem\",\"@id\":\"https:\\\/\\\/encontroamigosdoradio.com.br#listItem\",\"position\":1,\"name\":\"Home\",\"item\":\"https:\\\/\\\/encontroamigosdoradio.com.br\",\"nextItem\":{\"@type\":\"ListItem\",\"@id\":\"https:\\\/\\\/encontroamigosdoradio.com.br\\\/index.php\\\/category\\\/novidade\\\/#listItem\",\"name\":\"Novidade\"}},{\"@type\":\"ListItem\",\"@id\":\"https:\\\/\\\/encontroamigosdoradio.com.br\\\/index.php\\\/category\\\/novidade\\\/#listItem\",\"position\":2,\"name\":\"Novidade\",\"item\":\"https:\\\/\\\/encontroamigosdoradio.com.br\\\/index.php\\\/category\\\/novidade\\\/\",\"nextItem\":{\"@type\":\"ListItem\",\"@id\":\"https:\\\/\\\/encontroamigosdoradio.com.br\\\/index.php\\\/2025\\\/10\\\/09\\\/grupo-mutum-em-comboio-para-o-encontro-de-artur-nogueira\\\/#listItem\",\"name\":\"Grupo Mutum em comboio para o Encontro de Artur Nogueira\"},\"previousItem\":{\"@type\":\"ListItem\",\"@id\":\"https:\\\/\\\/encontroamigosdoradio.com.br#listItem\",\"name\":\"Home\"}},{\"@type\":\"ListItem\",\"@id\":\"https:\\\/\\\/encontroamigosdoradio.com.br\\\/index.php\\\/2025\\\/10\\\/09\\\/grupo-mutum-em-comboio-para-o-encontro-de-artur-nogueira\\\/#listItem\",\"position\":3,\"name\":\"Grupo Mutum em comboio para o Encontro de Artur Nogueira\",\"previousItem\":{\"@type\":\"ListItem\",\"@id\":\"https:\\\/\\\/encontroamigosdoradio.com.br\\\/index.php\\\/category\\\/novidade\\\/#listItem\",\"name\":\"Novidade\"}}]},{\"@type\":\"Organization\",\"@id\":\"https:\\\/\\\/encontroamigosdoradio.com.br\\\/#organization\",\"name\":\"6\\u00ba Encontro Amigos do R\\u00e1dio 111\\\/10\\\/2026\",\"description\":\"Onde a paix\\u00e3o vira comunica\\u00e7\\u00e3o e amizade vira fam\\u00edlia\",\"url\":\"https:\\\/\\\/encontroamigosdoradio.com.br\\\/\",\"logo\":{\"@type\":\"ImageObject\",\"url\":\"https:\\\/\\\/encontroamigosdoradio.com.br\\\/wp-content\\\/uploads\\\/2026\\\/07\\\/cropped-banner-01.png\",\"@id\":\"https:\\\/\\\/encontroamigosdoradio.com.br\\\/index.php\\\/2025\\\/10\\\/09\\\/grupo-mutum-em-comboio-para-o-encontro-de-artur-nogueira\\\/#organizationLogo\",\"width\":1919,\"height\":600},\"image\":{\"@id\":\"https:\\\/\\\/encontroamigosdoradio.com.br\\\/index.php\\\/2025\\\/10\\\/09\\\/grupo-mutum-em-comboio-para-o-encontro-de-artur-nogueira\\\/#organizationLogo\"}},{\"@type\":\"Person\",\"@id\":\"https:\\\/\\\/encontroamigosdoradio.com.br\\\/index.php\\\/author\\\/py2ve\\\/#author\",\"url\":\"https:\\\/\\\/encontroamigosdoradio.com.br\\\/index.php\\\/author\\\/py2ve\\\/\",\"name\":\"Rubens Zolotujin\",\"image\":{\"@type\":\"ImageObject\",\"@id\":\"https:\\\/\\\/encontroamigosdoradio.com.br\\\/index.php\\\/2025\\\/10\\\/09\\\/grupo-mutum-em-comboio-para-o-encontro-de-artur-nogueira\\\/#authorImage\",\"url\":\"https:\\\/\\\/secure.gravatar.com\\\/avatar\\\/75203a53777d93c2944e43b42c5c0182dcdfd065132431fdb6476d9ace333e73?s=96&d=mm&r=g\",\"width\":96,\"height\":96,\"caption\":\"Rubens Zolotujin\"}},{\"@type\":\"WebPage\",\"@id\":\"https:\\\/\\\/encontroamigosdoradio.com.br\\\/index.php\\\/2025\\\/10\\\/09\\\/grupo-mutum-em-comboio-para-o-encontro-de-artur-nogueira\\\/#webpage\",\"url\":\"https:\\\/\\\/encontroamigosdoradio.com.br\\\/index.php\\\/2025\\\/10\\\/09\\\/grupo-mutum-em-comboio-para-o-encontro-de-artur-nogueira\\\/\",\"name\":\"Grupo Mutum em comboio para o Encontro de Artur Nogueira - 6\\u00ba Encontro Amigos do R\\u00e1dio 111\\\/10\\\/2026\",\"description\":\"O grupo MUTUM DE RADIO EXPEDI\\u00c7\\u00c3O convida a todosAcompanhar o comboio durante todo trajeto a S\\u00e3o Paulo\\u2026. preparem e aponte as antenas .. ai vem eles... Segue as qrg principais de uso Ou acompanhe via SDR Pardinho 145570 APRS146520 Direto Simplex 14.115 - 20 metros7.093 - 40 metros3.715 80 metros 27.015 canal 5 11 metros\",\"inLanguage\":\"pt-BR\",\"isPartOf\":{\"@id\":\"https:\\\/\\\/encontroamigosdoradio.com.br\\\/#website\"},\"breadcrumb\":{\"@id\":\"https:\\\/\\\/encontroamigosdoradio.com.br\\\/index.php\\\/2025\\\/10\\\/09\\\/grupo-mutum-em-comboio-para-o-encontro-de-artur-nogueira\\\/#breadcrumblist\"},\"author\":{\"@id\":\"https:\\\/\\\/encontroamigosdoradio.com.br\\\/index.php\\\/author\\\/py2ve\\\/#author\"},\"creator\":{\"@id\":\"https:\\\/\\\/encontroamigosdoradio.com.br\\\/index.php\\\/author\\\/py2ve\\\/#author\"},\"image\":{\"@type\":\"ImageObject\",\"url\":\"https:\\\/\\\/encontroamigosdoradio.com.br\\\/wp-content\\\/uploads\\\/2025\\\/10\\\/IMG_6071.jpg\",\"@id\":\"https:\\\/\\\/encontroamigosdoradio.com.br\\\/index.php\\\/2025\\\/10\\\/09\\\/grupo-mutum-em-comboio-para-o-encontro-de-artur-nogueira\\\/#mainImage\",\"width\":1619,\"height\":911,\"caption\":\"2024 -2\"},\"primaryImageOfPage\":{\"@id\":\"https:\\\/\\\/encontroamigosdoradio.com.br\\\/index.php\\\/2025\\\/10\\\/09\\\/grupo-mutum-em-comboio-para-o-encontro-de-artur-nogueira\\\/#mainImage\"},\"datePublished\":\"2025-10-09T21:25:57-03:00\",\"dateModified\":\"2025-10-10T07:28:01-03:00\"},{\"@type\":\"WebSite\",\"@id\":\"https:\\\/\\\/encontroamigosdoradio.com.br\\\/#website\",\"url\":\"https:\\\/\\\/encontroamigosdoradio.com.br\\\/\",\"name\":\"6\\u00ba Encontro Amigos do R\\u00e1dio 111\\\/10\\\/2026\",\"description\":\"Onde a paix\\u00e3o vira comunica\\u00e7\\u00e3o e amizade vira fam\\u00edlia\",\"inLanguage\":\"pt-BR\",\"publisher\":{\"@id\":\"https:\\\/\\\/encontroamigosdoradio.com.br\\\/#organization\"}}]}\n\t\t<\/script>\n\t\t<!-- All in One SEO -->\n\n","aioseo_head_json":{"title":"Grupo Mutum em comboio para o Encontro de Artur Nogueira - 6\u00ba Encontro Amigos do R\u00e1dio 111\/10\/2026","description":"O grupo MUTUM DE RADIO EXPEDI\u00c7\u00c3O convida a todosAcompanhar o comboio durante todo trajeto a S\u00e3o Paulo\u2026. preparem e aponte as antenas .. ai vem eles... Segue as qrg principais de uso Ou acompanhe via SDR Pardinho 145570 APRS146520 Direto Simplex 14.115 - 20 metros7.093 - 40 metros3.715 80 metros 27.015 canal 5 11 metros","canonical_url":"https:\/\/encontroamigosdoradio.com.br\/index.php\/2025\/10\/09\/grupo-mutum-em-comboio-para-o-encontro-de-artur-nogueira\/","robots":"max-image-preview:large","keywords":"","webmasterTools":{"miscellaneous":""},"schema":{"@context":"https:\/\/schema.org","@graph":[{"@type":"BlogPosting","@id":"https:\/\/encontroamigosdoradio.com.br\/index.php\/2025\/10\/09\/grupo-mutum-em-comboio-para-o-encontro-de-artur-nogueira\/#blogposting","name":"Grupo Mutum em comboio para o Encontro de Artur Nogueira - 6\u00ba Encontro Amigos do R\u00e1dio 111\/10\/2026","headline":"Grupo Mutum em comboio para o Encontro de Artur Nogueira","author":{"@id":"https:\/\/encontroamigosdoradio.com.br\/index.php\/author\/py2ve\/#author"},"publisher":{"@id":"https:\/\/encontroamigosdoradio.com.br\/#organization"},"image":{"@type":"ImageObject","url":"https:\/\/encontroamigosdoradio.com.br\/wp-content\/uploads\/2025\/10\/IMG_6071.jpg","width":1619,"height":911,"caption":"2024 -2"},"datePublished":"2025-10-09T21:25:57-03:00","dateModified":"2025-10-10T07:28:01-03:00","inLanguage":"pt-BR","mainEntityOfPage":{"@id":"https:\/\/encontroamigosdoradio.com.br\/index.php\/2025\/10\/09\/grupo-mutum-em-comboio-para-o-encontro-de-artur-nogueira\/#webpage"},"isPartOf":{"@id":"https:\/\/encontroamigosdoradio.com.br\/index.php\/2025\/10\/09\/grupo-mutum-em-comboio-para-o-encontro-de-artur-nogueira\/#webpage"},"articleSection":"2025, Novidade, brasilia, carros, comboio, hf, radioamadores"},{"@type":"BreadcrumbList","@id":"https:\/\/encontroamigosdoradio.com.br\/index.php\/2025\/10\/09\/grupo-mutum-em-comboio-para-o-encontro-de-artur-nogueira\/#breadcrumblist","itemListElement":[{"@type":"ListItem","@id":"https:\/\/encontroamigosdoradio.com.br#listItem","position":1,"name":"Home","item":"https:\/\/encontroamigosdoradio.com.br","nextItem":{"@type":"ListItem","@id":"https:\/\/encontroamigosdoradio.com.br\/index.php\/category\/novidade\/#listItem","name":"Novidade"}},{"@type":"ListItem","@id":"https:\/\/encontroamigosdoradio.com.br\/index.php\/category\/novidade\/#listItem","position":2,"name":"Novidade","item":"https:\/\/encontroamigosdoradio.com.br\/index.php\/category\/novidade\/","nextItem":{"@type":"ListItem","@id":"https:\/\/encontroamigosdoradio.com.br\/index.php\/2025\/10\/09\/grupo-mutum-em-comboio-para-o-encontro-de-artur-nogueira\/#listItem","name":"Grupo Mutum em comboio para o Encontro de Artur Nogueira"},"previousItem":{"@type":"ListItem","@id":"https:\/\/encontroamigosdoradio.com.br#listItem","name":"Home"}},{"@type":"ListItem","@id":"https:\/\/encontroamigosdoradio.com.br\/index.php\/2025\/10\/09\/grupo-mutum-em-comboio-para-o-encontro-de-artur-nogueira\/#listItem","position":3,"name":"Grupo Mutum em comboio para o Encontro de Artur Nogueira","previousItem":{"@type":"ListItem","@id":"https:\/\/encontroamigosdoradio.com.br\/index.php\/category\/novidade\/#listItem","name":"Novidade"}}]},{"@type":"Organization","@id":"https:\/\/encontroamigosdoradio.com.br\/#organization","name":"6\u00ba Encontro Amigos do R\u00e1dio 111\/10\/2026","description":"Onde a paix\u00e3o vira comunica\u00e7\u00e3o e amizade vira fam\u00edlia","url":"https:\/\/encontroamigosdoradio.com.br\/","logo":{"@type":"ImageObject","url":"https:\/\/encontroamigosdoradio.com.br\/wp-content\/uploads\/2026\/07\/cropped-banner-01.png","@id":"https:\/\/encontroamigosdoradio.com.br\/index.php\/2025\/10\/09\/grupo-mutum-em-comboio-para-o-encontro-de-artur-nogueira\/#organizationLogo","width":1919,"height":600},"image":{"@id":"https:\/\/encontroamigosdoradio.com.br\/index.php\/2025\/10\/09\/grupo-mutum-em-comboio-para-o-encontro-de-artur-nogueira\/#organizationLogo"}},{"@type":"Person","@id":"https:\/\/encontroamigosdoradio.com.br\/index.php\/author\/py2ve\/#author","url":"https:\/\/encontroamigosdoradio.com.br\/index.php\/author\/py2ve\/","name":"Rubens Zolotujin","image":{"@type":"ImageObject","@id":"https:\/\/encontroamigosdoradio.com.br\/index.php\/2025\/10\/09\/grupo-mutum-em-comboio-para-o-encontro-de-artur-nogueira\/#authorImage","url":"https:\/\/secure.gravatar.com\/avatar\/75203a53777d93c2944e43b42c5c0182dcdfd065132431fdb6476d9ace333e73?s=96&d=mm&r=g","width":96,"height":96,"caption":"Rubens Zolotujin"}},{"@type":"WebPage","@id":"https:\/\/encontroamigosdoradio.com.br\/index.php\/2025\/10\/09\/grupo-mutum-em-comboio-para-o-encontro-de-artur-nogueira\/#webpage","url":"https:\/\/encontroamigosdoradio.com.br\/index.php\/2025\/10\/09\/grupo-mutum-em-comboio-para-o-encontro-de-artur-nogueira\/","name":"Grupo Mutum em comboio para o Encontro de Artur Nogueira - 6\u00ba Encontro Amigos do R\u00e1dio 111\/10\/2026","description":"O grupo MUTUM DE RADIO EXPEDI\u00c7\u00c3O convida a todosAcompanhar o comboio durante todo trajeto a S\u00e3o Paulo\u2026. preparem e aponte as antenas .. ai vem eles... Segue as qrg principais de uso Ou acompanhe via SDR Pardinho 145570 APRS146520 Direto Simplex 14.115 - 20 metros7.093 - 40 metros3.715 80 metros 27.015 canal 5 11 metros","inLanguage":"pt-BR","isPartOf":{"@id":"https:\/\/encontroamigosdoradio.com.br\/#website"},"breadcrumb":{"@id":"https:\/\/encontroamigosdoradio.com.br\/index.php\/2025\/10\/09\/grupo-mutum-em-comboio-para-o-encontro-de-artur-nogueira\/#breadcrumblist"},"author":{"@id":"https:\/\/encontroamigosdoradio.com.br\/index.php\/author\/py2ve\/#author"},"creator":{"@id":"https:\/\/encontroamigosdoradio.com.br\/index.php\/author\/py2ve\/#author"},"image":{"@type":"ImageObject","url":"https:\/\/encontroamigosdoradio.com.br\/wp-content\/uploads\/2025\/10\/IMG_6071.jpg","@id":"https:\/\/encontroamigosdoradio.com.br\/index.php\/2025\/10\/09\/grupo-mutum-em-comboio-para-o-encontro-de-artur-nogueira\/#mainImage","width":1619,"height":911,"caption":"2024 -2"},"primaryImageOfPage":{"@id":"https:\/\/encontroamigosdoradio.com.br\/index.php\/2025\/10\/09\/grupo-mutum-em-comboio-para-o-encontro-de-artur-nogueira\/#mainImage"},"datePublished":"2025-10-09T21:25:57-03:00","dateModified":"2025-10-10T07:28:01-03:00"},{"@type":"WebSite","@id":"https:\/\/encontroamigosdoradio.com.br\/#website","url":"https:\/\/encontroamigosdoradio.com.br\/","name":"6\u00ba Encontro Amigos do R\u00e1dio 111\/10\/2026","description":"Onde a paix\u00e3o vira comunica\u00e7\u00e3o e amizade vira fam\u00edlia","inLanguage":"pt-BR","publisher":{"@id":"https:\/\/encontroamigosdoradio.com.br\/#organization"}}]},"og:locale":"pt_BR","og:site_name":"6\u00ba Encontro Amigos do R\u00e1dio 111\/10\/2026 - Onde a paix\u00e3o vira comunica\u00e7\u00e3o e amizade vira fam\u00edlia","og:type":"article","og:title":"Grupo Mutum em comboio para o Encontro de Artur Nogueira - 6\u00ba Encontro Amigos do R\u00e1dio 111\/10\/2026","og:description":"O grupo MUTUM DE RADIO EXPEDI\u00c7\u00c3O convida a todosAcompanhar o comboio durante todo trajeto a S\u00e3o Paulo\u2026. preparem e aponte as antenas .. ai vem eles... Segue as qrg principais de uso Ou acompanhe via SDR Pardinho 145570 APRS146520 Direto Simplex 14.115 - 20 metros7.093 - 40 metros3.715 80 metros 27.015 canal 5 11 metros","og:url":"https:\/\/encontroamigosdoradio.com.br\/index.php\/2025\/10\/09\/grupo-mutum-em-comboio-para-o-encontro-de-artur-nogueira\/","og:image":"https:\/\/encontroamigosdoradio.com.br\/wp-content\/uploads\/2026\/07\/cropped-banner-01.png","og:image:secure_url":"https:\/\/encontroamigosdoradio.com.br\/wp-content\/uploads\/2026\/07\/cropped-banner-01.png","og:image:width":1919,"og:image:height":600,"article:published_time":"2025-10-10T00:25:57+00:00","article:modified_time":"2025-10-10T10:28:01+00:00","twitter:card":"summary_large_image","twitter:title":"Grupo Mutum em comboio para o Encontro de Artur Nogueira - 6\u00ba Encontro Amigos do R\u00e1dio 111\/10\/2026","twitter:description":"O grupo MUTUM DE RADIO EXPEDI\u00c7\u00c3O convida a todosAcompanhar o comboio durante todo trajeto a S\u00e3o Paulo\u2026. preparem e aponte as antenas .. ai vem eles... Segue as qrg principais de uso Ou acompanhe via SDR Pardinho 145570 APRS146520 Direto Simplex 14.115 - 20 metros7.093 - 40 metros3.715 80 metros 27.015 canal 5 11 metros","twitter:image":"https:\/\/encontroamigosdoradio.com.br\/wp-content\/uploads\/2026\/07\/cropped-banner-01.png"},"aioseo_meta_data":{"post_id":"862","title":null,"description":null,"keywords":null,"keyphrases":{"focus":[],"additional":[]},"primary_term":null,"canonical_url":null,"og_title":null,"og_description":null,"og_object_type":"default","og_image_type":"default","og_image_custom_url":null,"og_image_custom_fields":null,"og_image_url":null,"og_image_width":null,"og_image_height":null,"og_video":null,"og_custom_url":null,"og_article_section":null,"og_article_tags":null,"twitter_use_og":false,"twitter_card":"default","twitter_image_type":"default","twitter_image_custom_url":null,"twitter_image_custom_fields":null,"twitter_image_url":null,"twitter_title":null,"twitter_description":null,"schema_type":"default","schema_type_options":null,"schema":{"blockGraphs":[],"customGraphs":[],"default":{"data":{"Article":[],"Course":[],"Dataset":[],"FAQPage":[],"Movie":[],"Person":[],"Product":[],"ProductReview":[],"Car":[],"Recipe":[],"Service":[],"SoftwareApplication":[],"WebPage":[]},"graphName":"","isEnabled":true},"graphs":[]},"pillar_content":false,"robots_default":true,"robots_noindex":false,"robots_noarchive":false,"robots_nosnippet":false,"robots_nofollow":false,"robots_noimageindex":false,"robots_noodp":false,"robots_notranslate":false,"robots_max_snippet":null,"robots_max_videopreview":null,"robots_max_imagepreview":"large","priority":null,"frequency":null,"local_seo":null,"limit_modified_date":false,"ai":null,"breadcrumb_settings":null,"seo_analyzer_scan_date":null,"created":"2026-07-26 06:06:15","updated":"2026-08-11 17:09:53","focus_keyword":null,"additional_keywords":null,"truseo_locale":null},"aioseo_breadcrumb":"<div class=\"aioseo-breadcrumbs\"><span class=\"aioseo-breadcrumb\">\n\t\t\t<a href=\"https:\/\/encontroamigosdoradio.com.br\" title=\"Home\">Home<\/a>\n\t\t<\/span><span class=\"aioseo-breadcrumb-separator\">&raquo;<\/span><span class=\"aioseo-breadcrumb\">\n\t\t\t<a href=\"https:\/\/encontroamigosdoradio.com.br\/index.php\/category\/novidade\/\" title=\"Novidade\">Novidade<\/a>\n\t\t<\/span><span class=\"aioseo-breadcrumb-separator\">&raquo;<\/span><span class=\"aioseo-breadcrumb\">\n\t\t\tGrupo Mutum em comboio para o Encontro de Artur Nogueira\n\t\t<\/span><\/div>","aioseo_breadcrumb_json":[{"label":"Home","link":"https:\/\/encontroamigosdoradio.com.br"},{"label":"Novidade","link":"https:\/\/encontroamigosdoradio.com.br\/index.php\/category\/novidade\/"},{"label":"Grupo Mutum em comboio para o Encontro de Artur Nogueira","link":"https:\/\/encontroamigosdoradio.com.br\/index.php\/2025\/10\/09\/grupo-mutum-em-comboio-para-o-encontro-de-artur-nogueira\/"}],"_links":{"self":[{"href":"https:\/\/encontroamigosdoradio.com.br\/index.php\/wp-json\/wp\/v2\/posts\/862","targetHints":{"allow":["GET"]}}],"collection":[{"href":"https:\/\/encontroamigosdoradio.com.br\/index.php\/wp-json\/wp\/v2\/posts"}],"about":[{"href":"https:\/\/encontroamigosdoradio.com.br\/index.php\/wp-json\/wp\/v2\/types\/post"}],"author":[{"embeddable":true,"href":"https:\/\/encontroamigosdoradio.com.br\/index.php\/wp-json\/wp\/v2\/users\/1"}],"replies":[{"embeddable":true,"href":"https:\/\/encontroamigosdoradio.com.br\/index.php\/wp-json\/wp\/v2\/comments?post=862"}],"version-history":[{"count":3,"href":"https:\/\/encontroamigosdoradio.com.br\/index.php\/wp-json\/wp\/v2\/posts\/862\/revisions"}],"predecessor-version":[{"id":886,"href":"https:\/\/encontroamigosdoradio.com.br\/index.php\/wp-json\/wp\/v2\/posts\/862\/revisions\/886"}],"wp:featuredmedia":[{"embeddable":true,"href":"https:\/\/encontroamigosdoradio.com.br\/index.php\/wp-json\/wp\/v2\/media\/868"}],"wp:attachment":[{"href":"https:\/\/encontroamigosdoradio.com.br\/index.php\/wp-json\/wp\/v2\/media?parent=862"}],"wp:term":[{"taxonomy":"category","embeddable":true,"href":"https:\/\/encontroamigosdoradio.com.br\/index.php\/wp-json\/wp\/v2\/categories?post=862"},{"taxonomy":"post_tag","embeddable":true,"href":"https:\/\/encontroamigosdoradio.com.br\/index.php\/wp-json\/wp\/v2\/tags?post=862"}],"curies":[{"name":"wp","href":"https:\/\/api.w.org\/{rel}","templated":true}]}}