{"id":883,"date":"2025-10-12T06:30:00","date_gmt":"2025-10-12T09:30:00","guid":{"rendered":"https:\/\/encontroamigosdoradio.com.br\/?p=883"},"modified":"2025-10-14T07:58:10","modified_gmt":"2025-10-14T10:58:10","slug":"ao-vivo-5o-encontro-de-radioamadores-artur-nogueira-sp","status":"publish","type":"post","link":"https:\/\/encontroamigosdoradio.com.br\/index.php\/2025\/10\/12\/ao-vivo-5o-encontro-de-radioamadores-artur-nogueira-sp\/","title":{"rendered":"AO VIVO 5\u00ba ENCONTRO DE RADIOAMADORES Artur Nogueira, SP"},"content":{"rendered":"\n<figure class=\"wp-block-embed is-type-video is-provider-youtube wp-block-embed-youtube wp-embed-aspect-16-9 wp-has-aspect-ratio\"><div class=\"wp-block-embed__wrapper\">\n<iframe loading=\"lazy\" title=\"Rubens PY2VE est\u00e1 ao vivo! 5\u00b0 Encontro de Radioamadores Amigos do R\u00e1dio\" width=\"640\" height=\"360\" src=\"https:\/\/www.youtube.com\/embed\/2raKGzkK1qE?feature=oembed\" frameborder=\"0\" allow=\"accelerometer; autoplay; clipboard-write; encrypted-media; gyroscope; picture-in-picture; web-share\" referrerpolicy=\"strict-origin-when-cross-origin\" allowfullscreen><\/iframe>\n<\/div><\/figure>\n\n\n\n<div class=\"wp-block-columns is-layout-flex wp-container-core-columns-is-layout-7387b849 wp-block-columns-is-layout-flex\">\n<div class=\"wp-block-column is-vertically-aligned-center is-layout-flow wp-block-column-is-layout-flow\" style=\"flex-basis:100%\">\n<figure class=\"wp-block-gallery has-nested-images columns-1 is-cropped wp-block-gallery-1 is-layout-flex wp-block-gallery-is-layout-flex\">\n<figure class=\"wp-block-image size-large\"><img loading=\"lazy\" decoding=\"async\" width=\"363\" height=\"139\" data-id=\"545\" src=\"https:\/\/encontroamigosdoradio.com.br\/wp-content\/uploads\/2025\/09\/louvetel.png\" alt=\"Louvetel\" class=\"wp-image-545\" srcset=\"https:\/\/encontroamigosdoradio.com.br\/wp-content\/uploads\/2025\/09\/louvetel.png 363w, https:\/\/encontroamigosdoradio.com.br\/wp-content\/uploads\/2025\/09\/louvetel-300x115.png 300w\" sizes=\"auto, (max-width: 363px) 100vw, 363px\" \/><figcaption class=\"wp-element-caption\">Louvetel<\/figcaption><\/figure>\n\n\n\n<figure class=\"wp-block-image size-large\"><img loading=\"lazy\" decoding=\"async\" width=\"448\" height=\"112\" data-id=\"547\" src=\"https:\/\/encontroamigosdoradio.com.br\/wp-content\/uploads\/2025\/09\/steelbras.png\" alt=\"\" class=\"wp-image-547\" srcset=\"https:\/\/encontroamigosdoradio.com.br\/wp-content\/uploads\/2025\/09\/steelbras.png 448w, https:\/\/encontroamigosdoradio.com.br\/wp-content\/uploads\/2025\/09\/steelbras-300x75.png 300w\" sizes=\"auto, (max-width: 448px) 100vw, 448px\" \/><figcaption class=\"wp-element-caption\">Steelbras<\/figcaption><\/figure>\n\n\n\n<figure class=\"wp-block-image size-large\"><img loading=\"lazy\" decoding=\"async\" width=\"992\" height=\"283\" data-id=\"690\" src=\"https:\/\/encontroamigosdoradio.com.br\/wp-content\/uploads\/2025\/09\/radiohaus.png\" alt=\"\" class=\"wp-image-690\" srcset=\"https:\/\/encontroamigosdoradio.com.br\/wp-content\/uploads\/2025\/09\/radiohaus.png 992w, https:\/\/encontroamigosdoradio.com.br\/wp-content\/uploads\/2025\/09\/radiohaus-300x86.png 300w, https:\/\/encontroamigosdoradio.com.br\/wp-content\/uploads\/2025\/09\/radiohaus-768x219.png 768w\" sizes=\"auto, (max-width: 992px) 100vw, 992px\" \/><figcaption class=\"wp-element-caption\">Radiohaus<\/figcaption><\/figure>\n\n\n\n<figure class=\"wp-block-image size-large\"><img loading=\"lazy\" decoding=\"async\" width=\"1024\" height=\"576\" data-id=\"550\" src=\"https:\/\/encontroamigosdoradio.com.br\/wp-content\/uploads\/2025\/09\/Logo-Marque\u00b4s-_1_copia-1024x576.png\" alt=\"\" class=\"wp-image-550\" srcset=\"https:\/\/encontroamigosdoradio.com.br\/wp-content\/uploads\/2025\/09\/Logo-Marque\u00b4s-_1_copia-1024x576.png 1024w, https:\/\/encontroamigosdoradio.com.br\/wp-content\/uploads\/2025\/09\/Logo-Marque\u00b4s-_1_copia-300x169.png 300w, https:\/\/encontroamigosdoradio.com.br\/wp-content\/uploads\/2025\/09\/Logo-Marque\u00b4s-_1_copia-768x432.png 768w, https:\/\/encontroamigosdoradio.com.br\/wp-content\/uploads\/2025\/09\/Logo-Marque\u00b4s-_1_copia.png 1216w\" sizes=\"auto, (max-width: 1024px) 100vw, 1024px\" \/><figcaption class=\"wp-element-caption\">Marques Lanchonete e Pizzaria<\/figcaption><\/figure>\n<\/figure>\n<\/div>\n<\/div>\n\n\n\n<p class=\"wp-block-paragraph\">Whatsapp 019974185136 &#8211; Rubens<\/p>\n","protected":false},"excerpt":{"rendered":"<p>Whatsapp 019974185136 &#8211; Rubens<\/p>\n","protected":false},"author":1,"featured_media":895,"comment_status":"open","ping_status":"open","sticky":false,"template":"","format":"standard","meta":{"footnotes":""},"categories":[1],"tags":[250,60,14,8,19,249],"class_list":["post-883","post","type-post","status-publish","format-standard","has-post-thumbnail","hentry","category-blog","tag-12-10-2025","tag-ao-vivo","tag-artur-nogueira","tag-encontro","tag-radioamadores","tag-transmissao"],"aioseo_notices":[],"aioseo_head":"\n\t\t<!-- All in One SEO 5.0.1.1 - aioseo.com -->\n\t<meta name=\"description\" content=\"Whatsapp 019974185136 - Rubens\" \/>\n\t<meta name=\"robots\" content=\"max-image-preview:large\" \/>\n\t<meta name=\"author\" content=\"Rubens Zolotujin\"\/>\n\t<link rel=\"canonical\" href=\"https:\/\/encontroamigosdoradio.com.br\/index.php\/2025\/10\/12\/ao-vivo-5o-encontro-de-radioamadores-artur-nogueira-sp\/\" \/>\n\t<meta name=\"generator\" content=\"All in One SEO (AIOSEO) 5.0.1.1\" \/>\n\t\t<meta property=\"og:locale\" content=\"pt_BR\" \/>\n\t\t<meta property=\"og:site_name\" content=\"6\u00ba Encontro Amigos do R\u00e1dio 111\/10\/2026 - Onde a paix\u00e3o vira comunica\u00e7\u00e3o e amizade vira fam\u00edlia\" \/>\n\t\t<meta property=\"og:type\" content=\"article\" \/>\n\t\t<meta property=\"og:title\" content=\"AO VIVO 5\u00ba ENCONTRO DE RADIOAMADORES Artur Nogueira, SP - 6\u00ba Encontro Amigos do R\u00e1dio 111\/10\/2026\" \/>\n\t\t<meta property=\"og:description\" content=\"Whatsapp 019974185136 - Rubens\" \/>\n\t\t<meta property=\"og:url\" content=\"https:\/\/encontroamigosdoradio.com.br\/index.php\/2025\/10\/12\/ao-vivo-5o-encontro-de-radioamadores-artur-nogueira-sp\/\" \/>\n\t\t<meta property=\"og:image\" content=\"https:\/\/encontroamigosdoradio.com.br\/wp-content\/uploads\/2026\/07\/cropped-banner-01.png\" \/>\n\t\t<meta property=\"og:image:secure_url\" content=\"https:\/\/encontroamigosdoradio.com.br\/wp-content\/uploads\/2026\/07\/cropped-banner-01.png\" \/>\n\t\t<meta property=\"og:image:width\" content=\"1919\" \/>\n\t\t<meta property=\"og:image:height\" content=\"600\" \/>\n\t\t<meta property=\"article:published_time\" content=\"2025-10-12T09:30:00+00:00\" \/>\n\t\t<meta property=\"article:modified_time\" content=\"2025-10-14T10:58:10+00:00\" \/>\n\t\t<meta name=\"twitter:card\" content=\"summary_large_image\" \/>\n\t\t<meta name=\"twitter:title\" content=\"AO VIVO 5\u00ba ENCONTRO DE RADIOAMADORES Artur Nogueira, SP - 6\u00ba Encontro Amigos do R\u00e1dio 111\/10\/2026\" \/>\n\t\t<meta name=\"twitter:description\" content=\"Whatsapp 019974185136 - Rubens\" \/>\n\t\t<meta name=\"twitter:image\" content=\"https:\/\/encontroamigosdoradio.com.br\/wp-content\/uploads\/2026\/07\/cropped-banner-01.png\" \/>\n\t\t<script type=\"application\/ld+json\" class=\"aioseo-schema\">\n\t\t\t{\"@context\":\"https:\\\/\\\/schema.org\",\"@graph\":[{\"@type\":\"BlogPosting\",\"@id\":\"https:\\\/\\\/encontroamigosdoradio.com.br\\\/index.php\\\/2025\\\/10\\\/12\\\/ao-vivo-5o-encontro-de-radioamadores-artur-nogueira-sp\\\/#blogposting\",\"name\":\"AO VIVO 5\\u00ba ENCONTRO DE RADIOAMADORES Artur Nogueira, SP - 6\\u00ba Encontro Amigos do R\\u00e1dio 111\\\/10\\\/2026\",\"headline\":\"AO VIVO 5\\u00ba ENCONTRO DE RADIOAMADORES Artur Nogueira, SP\",\"author\":{\"@id\":\"https:\\\/\\\/encontroamigosdoradio.com.br\\\/index.php\\\/author\\\/py2ve\\\/#author\"},\"publisher\":{\"@id\":\"https:\\\/\\\/encontroamigosdoradio.com.br\\\/#organization\"},\"image\":{\"@type\":\"ImageObject\",\"url\":\"https:\\\/\\\/encontroamigosdoradio.com.br\\\/wp-content\\\/uploads\\\/2025\\\/10\\\/aovivo-youtube.png\",\"width\":580,\"height\":300},\"datePublished\":\"2025-10-12T06:30:00-03:00\",\"dateModified\":\"2025-10-14T07:58:10-03:00\",\"inLanguage\":\"pt-BR\",\"mainEntityOfPage\":{\"@id\":\"https:\\\/\\\/encontroamigosdoradio.com.br\\\/index.php\\\/2025\\\/10\\\/12\\\/ao-vivo-5o-encontro-de-radioamadores-artur-nogueira-sp\\\/#webpage\"},\"isPartOf\":{\"@id\":\"https:\\\/\\\/encontroamigosdoradio.com.br\\\/index.php\\\/2025\\\/10\\\/12\\\/ao-vivo-5o-encontro-de-radioamadores-artur-nogueira-sp\\\/#webpage\"},\"articleSection\":\"Blog, 12\\\/10\\\/2025, ao vivo, artur nogueira, encontro, radioamadores, transmiss\\u00e3o\"},{\"@type\":\"BreadcrumbList\",\"@id\":\"https:\\\/\\\/encontroamigosdoradio.com.br\\\/index.php\\\/2025\\\/10\\\/12\\\/ao-vivo-5o-encontro-de-radioamadores-artur-nogueira-sp\\\/#breadcrumblist\",\"itemListElement\":[{\"@type\":\"ListItem\",\"@id\":\"https:\\\/\\\/encontroamigosdoradio.com.br#listItem\",\"position\":1,\"name\":\"Home\",\"item\":\"https:\\\/\\\/encontroamigosdoradio.com.br\",\"nextItem\":{\"@type\":\"ListItem\",\"@id\":\"https:\\\/\\\/encontroamigosdoradio.com.br\\\/index.php\\\/category\\\/blog\\\/#listItem\",\"name\":\"Blog\"}},{\"@type\":\"ListItem\",\"@id\":\"https:\\\/\\\/encontroamigosdoradio.com.br\\\/index.php\\\/category\\\/blog\\\/#listItem\",\"position\":2,\"name\":\"Blog\",\"item\":\"https:\\\/\\\/encontroamigosdoradio.com.br\\\/index.php\\\/category\\\/blog\\\/\",\"nextItem\":{\"@type\":\"ListItem\",\"@id\":\"https:\\\/\\\/encontroamigosdoradio.com.br\\\/index.php\\\/2025\\\/10\\\/12\\\/ao-vivo-5o-encontro-de-radioamadores-artur-nogueira-sp\\\/#listItem\",\"name\":\"AO VIVO 5\\u00ba ENCONTRO DE RADIOAMADORES Artur Nogueira, SP\"},\"previousItem\":{\"@type\":\"ListItem\",\"@id\":\"https:\\\/\\\/encontroamigosdoradio.com.br#listItem\",\"name\":\"Home\"}},{\"@type\":\"ListItem\",\"@id\":\"https:\\\/\\\/encontroamigosdoradio.com.br\\\/index.php\\\/2025\\\/10\\\/12\\\/ao-vivo-5o-encontro-de-radioamadores-artur-nogueira-sp\\\/#listItem\",\"position\":3,\"name\":\"AO VIVO 5\\u00ba ENCONTRO DE RADIOAMADORES Artur Nogueira, SP\",\"previousItem\":{\"@type\":\"ListItem\",\"@id\":\"https:\\\/\\\/encontroamigosdoradio.com.br\\\/index.php\\\/category\\\/blog\\\/#listItem\",\"name\":\"Blog\"}}]},{\"@type\":\"Organization\",\"@id\":\"https:\\\/\\\/encontroamigosdoradio.com.br\\\/#organization\",\"name\":\"6\\u00ba Encontro Amigos do R\\u00e1dio 111\\\/10\\\/2026\",\"description\":\"Onde a paix\\u00e3o vira comunica\\u00e7\\u00e3o e amizade vira fam\\u00edlia\",\"url\":\"https:\\\/\\\/encontroamigosdoradio.com.br\\\/\",\"logo\":{\"@type\":\"ImageObject\",\"url\":\"https:\\\/\\\/encontroamigosdoradio.com.br\\\/wp-content\\\/uploads\\\/2026\\\/07\\\/cropped-banner-01.png\",\"@id\":\"https:\\\/\\\/encontroamigosdoradio.com.br\\\/index.php\\\/2025\\\/10\\\/12\\\/ao-vivo-5o-encontro-de-radioamadores-artur-nogueira-sp\\\/#organizationLogo\",\"width\":1919,\"height\":600},\"image\":{\"@id\":\"https:\\\/\\\/encontroamigosdoradio.com.br\\\/index.php\\\/2025\\\/10\\\/12\\\/ao-vivo-5o-encontro-de-radioamadores-artur-nogueira-sp\\\/#organizationLogo\"}},{\"@type\":\"Person\",\"@id\":\"https:\\\/\\\/encontroamigosdoradio.com.br\\\/index.php\\\/author\\\/py2ve\\\/#author\",\"url\":\"https:\\\/\\\/encontroamigosdoradio.com.br\\\/index.php\\\/author\\\/py2ve\\\/\",\"name\":\"Rubens Zolotujin\",\"image\":{\"@type\":\"ImageObject\",\"@id\":\"https:\\\/\\\/encontroamigosdoradio.com.br\\\/index.php\\\/2025\\\/10\\\/12\\\/ao-vivo-5o-encontro-de-radioamadores-artur-nogueira-sp\\\/#authorImage\",\"url\":\"https:\\\/\\\/secure.gravatar.com\\\/avatar\\\/75203a53777d93c2944e43b42c5c0182dcdfd065132431fdb6476d9ace333e73?s=96&d=mm&r=g\",\"width\":96,\"height\":96,\"caption\":\"Rubens Zolotujin\"}},{\"@type\":\"WebPage\",\"@id\":\"https:\\\/\\\/encontroamigosdoradio.com.br\\\/index.php\\\/2025\\\/10\\\/12\\\/ao-vivo-5o-encontro-de-radioamadores-artur-nogueira-sp\\\/#webpage\",\"url\":\"https:\\\/\\\/encontroamigosdoradio.com.br\\\/index.php\\\/2025\\\/10\\\/12\\\/ao-vivo-5o-encontro-de-radioamadores-artur-nogueira-sp\\\/\",\"name\":\"AO VIVO 5\\u00ba ENCONTRO DE RADIOAMADORES Artur Nogueira, SP - 6\\u00ba Encontro Amigos do R\\u00e1dio 111\\\/10\\\/2026\",\"description\":\"Whatsapp 019974185136 - Rubens\",\"inLanguage\":\"pt-BR\",\"isPartOf\":{\"@id\":\"https:\\\/\\\/encontroamigosdoradio.com.br\\\/#website\"},\"breadcrumb\":{\"@id\":\"https:\\\/\\\/encontroamigosdoradio.com.br\\\/index.php\\\/2025\\\/10\\\/12\\\/ao-vivo-5o-encontro-de-radioamadores-artur-nogueira-sp\\\/#breadcrumblist\"},\"author\":{\"@id\":\"https:\\\/\\\/encontroamigosdoradio.com.br\\\/index.php\\\/author\\\/py2ve\\\/#author\"},\"creator\":{\"@id\":\"https:\\\/\\\/encontroamigosdoradio.com.br\\\/index.php\\\/author\\\/py2ve\\\/#author\"},\"image\":{\"@type\":\"ImageObject\",\"url\":\"https:\\\/\\\/encontroamigosdoradio.com.br\\\/wp-content\\\/uploads\\\/2025\\\/10\\\/aovivo-youtube.png\",\"@id\":\"https:\\\/\\\/encontroamigosdoradio.com.br\\\/index.php\\\/2025\\\/10\\\/12\\\/ao-vivo-5o-encontro-de-radioamadores-artur-nogueira-sp\\\/#mainImage\",\"width\":580,\"height\":300},\"primaryImageOfPage\":{\"@id\":\"https:\\\/\\\/encontroamigosdoradio.com.br\\\/index.php\\\/2025\\\/10\\\/12\\\/ao-vivo-5o-encontro-de-radioamadores-artur-nogueira-sp\\\/#mainImage\"},\"datePublished\":\"2025-10-12T06:30:00-03:00\",\"dateModified\":\"2025-10-14T07:58:10-03:00\"},{\"@type\":\"WebSite\",\"@id\":\"https:\\\/\\\/encontroamigosdoradio.com.br\\\/#website\",\"url\":\"https:\\\/\\\/encontroamigosdoradio.com.br\\\/\",\"name\":\"6\\u00ba Encontro Amigos do R\\u00e1dio 111\\\/10\\\/2026\",\"description\":\"Onde a paix\\u00e3o vira comunica\\u00e7\\u00e3o e amizade vira fam\\u00edlia\",\"inLanguage\":\"pt-BR\",\"publisher\":{\"@id\":\"https:\\\/\\\/encontroamigosdoradio.com.br\\\/#organization\"}}]}\n\t\t<\/script>\n\t\t<!-- All in One SEO -->\n\n","aioseo_head_json":{"title":"AO VIVO 5\u00ba ENCONTRO DE RADIOAMADORES Artur Nogueira, SP - 6\u00ba Encontro Amigos do R\u00e1dio 111\/10\/2026","description":"Whatsapp 019974185136 - Rubens","canonical_url":"https:\/\/encontroamigosdoradio.com.br\/index.php\/2025\/10\/12\/ao-vivo-5o-encontro-de-radioamadores-artur-nogueira-sp\/","robots":"max-image-preview:large","keywords":"","webmasterTools":{"miscellaneous":""},"schema":{"@context":"https:\/\/schema.org","@graph":[{"@type":"BlogPosting","@id":"https:\/\/encontroamigosdoradio.com.br\/index.php\/2025\/10\/12\/ao-vivo-5o-encontro-de-radioamadores-artur-nogueira-sp\/#blogposting","name":"AO VIVO 5\u00ba ENCONTRO DE RADIOAMADORES Artur Nogueira, SP - 6\u00ba Encontro Amigos do R\u00e1dio 111\/10\/2026","headline":"AO VIVO 5\u00ba ENCONTRO DE RADIOAMADORES Artur Nogueira, SP","author":{"@id":"https:\/\/encontroamigosdoradio.com.br\/index.php\/author\/py2ve\/#author"},"publisher":{"@id":"https:\/\/encontroamigosdoradio.com.br\/#organization"},"image":{"@type":"ImageObject","url":"https:\/\/encontroamigosdoradio.com.br\/wp-content\/uploads\/2025\/10\/aovivo-youtube.png","width":580,"height":300},"datePublished":"2025-10-12T06:30:00-03:00","dateModified":"2025-10-14T07:58:10-03:00","inLanguage":"pt-BR","mainEntityOfPage":{"@id":"https:\/\/encontroamigosdoradio.com.br\/index.php\/2025\/10\/12\/ao-vivo-5o-encontro-de-radioamadores-artur-nogueira-sp\/#webpage"},"isPartOf":{"@id":"https:\/\/encontroamigosdoradio.com.br\/index.php\/2025\/10\/12\/ao-vivo-5o-encontro-de-radioamadores-artur-nogueira-sp\/#webpage"},"articleSection":"Blog, 12\/10\/2025, ao vivo, artur nogueira, encontro, radioamadores, transmiss\u00e3o"},{"@type":"BreadcrumbList","@id":"https:\/\/encontroamigosdoradio.com.br\/index.php\/2025\/10\/12\/ao-vivo-5o-encontro-de-radioamadores-artur-nogueira-sp\/#breadcrumblist","itemListElement":[{"@type":"ListItem","@id":"https:\/\/encontroamigosdoradio.com.br#listItem","position":1,"name":"Home","item":"https:\/\/encontroamigosdoradio.com.br","nextItem":{"@type":"ListItem","@id":"https:\/\/encontroamigosdoradio.com.br\/index.php\/category\/blog\/#listItem","name":"Blog"}},{"@type":"ListItem","@id":"https:\/\/encontroamigosdoradio.com.br\/index.php\/category\/blog\/#listItem","position":2,"name":"Blog","item":"https:\/\/encontroamigosdoradio.com.br\/index.php\/category\/blog\/","nextItem":{"@type":"ListItem","@id":"https:\/\/encontroamigosdoradio.com.br\/index.php\/2025\/10\/12\/ao-vivo-5o-encontro-de-radioamadores-artur-nogueira-sp\/#listItem","name":"AO VIVO 5\u00ba ENCONTRO DE RADIOAMADORES Artur Nogueira, SP"},"previousItem":{"@type":"ListItem","@id":"https:\/\/encontroamigosdoradio.com.br#listItem","name":"Home"}},{"@type":"ListItem","@id":"https:\/\/encontroamigosdoradio.com.br\/index.php\/2025\/10\/12\/ao-vivo-5o-encontro-de-radioamadores-artur-nogueira-sp\/#listItem","position":3,"name":"AO VIVO 5\u00ba ENCONTRO DE RADIOAMADORES Artur Nogueira, SP","previousItem":{"@type":"ListItem","@id":"https:\/\/encontroamigosdoradio.com.br\/index.php\/category\/blog\/#listItem","name":"Blog"}}]},{"@type":"Organization","@id":"https:\/\/encontroamigosdoradio.com.br\/#organization","name":"6\u00ba Encontro Amigos do R\u00e1dio 111\/10\/2026","description":"Onde a paix\u00e3o vira comunica\u00e7\u00e3o e amizade vira fam\u00edlia","url":"https:\/\/encontroamigosdoradio.com.br\/","logo":{"@type":"ImageObject","url":"https:\/\/encontroamigosdoradio.com.br\/wp-content\/uploads\/2026\/07\/cropped-banner-01.png","@id":"https:\/\/encontroamigosdoradio.com.br\/index.php\/2025\/10\/12\/ao-vivo-5o-encontro-de-radioamadores-artur-nogueira-sp\/#organizationLogo","width":1919,"height":600},"image":{"@id":"https:\/\/encontroamigosdoradio.com.br\/index.php\/2025\/10\/12\/ao-vivo-5o-encontro-de-radioamadores-artur-nogueira-sp\/#organizationLogo"}},{"@type":"Person","@id":"https:\/\/encontroamigosdoradio.com.br\/index.php\/author\/py2ve\/#author","url":"https:\/\/encontroamigosdoradio.com.br\/index.php\/author\/py2ve\/","name":"Rubens Zolotujin","image":{"@type":"ImageObject","@id":"https:\/\/encontroamigosdoradio.com.br\/index.php\/2025\/10\/12\/ao-vivo-5o-encontro-de-radioamadores-artur-nogueira-sp\/#authorImage","url":"https:\/\/secure.gravatar.com\/avatar\/75203a53777d93c2944e43b42c5c0182dcdfd065132431fdb6476d9ace333e73?s=96&d=mm&r=g","width":96,"height":96,"caption":"Rubens Zolotujin"}},{"@type":"WebPage","@id":"https:\/\/encontroamigosdoradio.com.br\/index.php\/2025\/10\/12\/ao-vivo-5o-encontro-de-radioamadores-artur-nogueira-sp\/#webpage","url":"https:\/\/encontroamigosdoradio.com.br\/index.php\/2025\/10\/12\/ao-vivo-5o-encontro-de-radioamadores-artur-nogueira-sp\/","name":"AO VIVO 5\u00ba ENCONTRO DE RADIOAMADORES Artur Nogueira, SP - 6\u00ba Encontro Amigos do R\u00e1dio 111\/10\/2026","description":"Whatsapp 019974185136 - Rubens","inLanguage":"pt-BR","isPartOf":{"@id":"https:\/\/encontroamigosdoradio.com.br\/#website"},"breadcrumb":{"@id":"https:\/\/encontroamigosdoradio.com.br\/index.php\/2025\/10\/12\/ao-vivo-5o-encontro-de-radioamadores-artur-nogueira-sp\/#breadcrumblist"},"author":{"@id":"https:\/\/encontroamigosdoradio.com.br\/index.php\/author\/py2ve\/#author"},"creator":{"@id":"https:\/\/encontroamigosdoradio.com.br\/index.php\/author\/py2ve\/#author"},"image":{"@type":"ImageObject","url":"https:\/\/encontroamigosdoradio.com.br\/wp-content\/uploads\/2025\/10\/aovivo-youtube.png","@id":"https:\/\/encontroamigosdoradio.com.br\/index.php\/2025\/10\/12\/ao-vivo-5o-encontro-de-radioamadores-artur-nogueira-sp\/#mainImage","width":580,"height":300},"primaryImageOfPage":{"@id":"https:\/\/encontroamigosdoradio.com.br\/index.php\/2025\/10\/12\/ao-vivo-5o-encontro-de-radioamadores-artur-nogueira-sp\/#mainImage"},"datePublished":"2025-10-12T06:30:00-03:00","dateModified":"2025-10-14T07:58:10-03:00"},{"@type":"WebSite","@id":"https:\/\/encontroamigosdoradio.com.br\/#website","url":"https:\/\/encontroamigosdoradio.com.br\/","name":"6\u00ba Encontro Amigos do R\u00e1dio 111\/10\/2026","description":"Onde a paix\u00e3o vira comunica\u00e7\u00e3o e amizade vira fam\u00edlia","inLanguage":"pt-BR","publisher":{"@id":"https:\/\/encontroamigosdoradio.com.br\/#organization"}}]},"og:locale":"pt_BR","og:site_name":"6\u00ba Encontro Amigos do R\u00e1dio 111\/10\/2026 - Onde a paix\u00e3o vira comunica\u00e7\u00e3o e amizade vira fam\u00edlia","og:type":"article","og:title":"AO VIVO 5\u00ba ENCONTRO DE RADIOAMADORES Artur Nogueira, SP - 6\u00ba Encontro Amigos do R\u00e1dio 111\/10\/2026","og:description":"Whatsapp 019974185136 - Rubens","og:url":"https:\/\/encontroamigosdoradio.com.br\/index.php\/2025\/10\/12\/ao-vivo-5o-encontro-de-radioamadores-artur-nogueira-sp\/","og:image":"https:\/\/encontroamigosdoradio.com.br\/wp-content\/uploads\/2026\/07\/cropped-banner-01.png","og:image:secure_url":"https:\/\/encontroamigosdoradio.com.br\/wp-content\/uploads\/2026\/07\/cropped-banner-01.png","og:image:width":1919,"og:image:height":600,"article:published_time":"2025-10-12T09:30:00+00:00","article:modified_time":"2025-10-14T10:58:10+00:00","twitter:card":"summary_large_image","twitter:title":"AO VIVO 5\u00ba ENCONTRO DE RADIOAMADORES Artur Nogueira, SP - 6\u00ba Encontro Amigos do R\u00e1dio 111\/10\/2026","twitter:description":"Whatsapp 019974185136 - Rubens","twitter:image":"https:\/\/encontroamigosdoradio.com.br\/wp-content\/uploads\/2026\/07\/cropped-banner-01.png"},"aioseo_meta_data":{"post_id":"883","title":null,"description":null,"keywords":null,"keyphrases":{"focus":[],"additional":[]},"primary_term":null,"canonical_url":null,"og_title":null,"og_description":null,"og_object_type":"default","og_image_type":"default","og_image_custom_url":null,"og_image_custom_fields":null,"og_image_url":null,"og_image_width":null,"og_image_height":null,"og_video":null,"og_custom_url":null,"og_article_section":null,"og_article_tags":null,"twitter_use_og":false,"twitter_card":"default","twitter_image_type":"default","twitter_image_custom_url":null,"twitter_image_custom_fields":null,"twitter_image_url":null,"twitter_title":null,"twitter_description":null,"schema_type":"default","schema_type_options":null,"schema":{"blockGraphs":[],"customGraphs":[],"default":{"data":{"Article":[],"Course":[],"Dataset":[],"FAQPage":[],"Movie":[],"Person":[],"Product":[],"ProductReview":[],"Car":[],"Recipe":[],"Service":[],"SoftwareApplication":[],"WebPage":[]},"graphName":"","isEnabled":true},"graphs":[]},"pillar_content":false,"robots_default":true,"robots_noindex":false,"robots_noarchive":false,"robots_nosnippet":false,"robots_nofollow":false,"robots_noimageindex":false,"robots_noodp":false,"robots_notranslate":false,"robots_max_snippet":null,"robots_max_videopreview":null,"robots_max_imagepreview":"large","priority":null,"frequency":null,"local_seo":null,"limit_modified_date":false,"ai":null,"breadcrumb_settings":null,"seo_analyzer_scan_date":null,"created":"2026-07-26 06:06:15","updated":"2026-08-11 17:09:52","focus_keyword":null,"additional_keywords":null,"truseo_locale":null},"aioseo_breadcrumb":"<div class=\"aioseo-breadcrumbs\"><span class=\"aioseo-breadcrumb\">\n\t\t\t<a href=\"https:\/\/encontroamigosdoradio.com.br\" title=\"Home\">Home<\/a>\n\t\t<\/span><span class=\"aioseo-breadcrumb-separator\">&raquo;<\/span><span class=\"aioseo-breadcrumb\">\n\t\t\t<a href=\"https:\/\/encontroamigosdoradio.com.br\/index.php\/category\/blog\/\" title=\"Blog\">Blog<\/a>\n\t\t<\/span><span class=\"aioseo-breadcrumb-separator\">&raquo;<\/span><span class=\"aioseo-breadcrumb\">\n\t\t\tAO VIVO 5\u00ba ENCONTRO DE RADIOAMADORES Artur Nogueira, SP\n\t\t<\/span><\/div>","aioseo_breadcrumb_json":[{"label":"Home","link":"https:\/\/encontroamigosdoradio.com.br"},{"label":"Blog","link":"https:\/\/encontroamigosdoradio.com.br\/index.php\/category\/blog\/"},{"label":"AO VIVO 5\u00ba ENCONTRO DE RADIOAMADORES Artur Nogueira, SP","link":"https:\/\/encontroamigosdoradio.com.br\/index.php\/2025\/10\/12\/ao-vivo-5o-encontro-de-radioamadores-artur-nogueira-sp\/"}],"_links":{"self":[{"href":"https:\/\/encontroamigosdoradio.com.br\/index.php\/wp-json\/wp\/v2\/posts\/883","targetHints":{"allow":["GET"]}}],"collection":[{"href":"https:\/\/encontroamigosdoradio.com.br\/index.php\/wp-json\/wp\/v2\/posts"}],"about":[{"href":"https:\/\/encontroamigosdoradio.com.br\/index.php\/wp-json\/wp\/v2\/types\/post"}],"author":[{"embeddable":true,"href":"https:\/\/encontroamigosdoradio.com.br\/index.php\/wp-json\/wp\/v2\/users\/1"}],"replies":[{"embeddable":true,"href":"https:\/\/encontroamigosdoradio.com.br\/index.php\/wp-json\/wp\/v2\/comments?post=883"}],"version-history":[{"count":4,"href":"https:\/\/encontroamigosdoradio.com.br\/index.php\/wp-json\/wp\/v2\/posts\/883\/revisions"}],"predecessor-version":[{"id":899,"href":"https:\/\/encontroamigosdoradio.com.br\/index.php\/wp-json\/wp\/v2\/posts\/883\/revisions\/899"}],"wp:featuredmedia":[{"embeddable":true,"href":"https:\/\/encontroamigosdoradio.com.br\/index.php\/wp-json\/wp\/v2\/media\/895"}],"wp:attachment":[{"href":"https:\/\/encontroamigosdoradio.com.br\/index.php\/wp-json\/wp\/v2\/media?parent=883"}],"wp:term":[{"taxonomy":"category","embeddable":true,"href":"https:\/\/encontroamigosdoradio.com.br\/index.php\/wp-json\/wp\/v2\/categories?post=883"},{"taxonomy":"post_tag","embeddable":true,"href":"https:\/\/encontroamigosdoradio.com.br\/index.php\/wp-json\/wp\/v2\/tags?post=883"}],"curies":[{"name":"wp","href":"https:\/\/api.w.org\/{rel}","templated":true}]}}